{"id":40462,"date":"2025-02-09T09:25:41","date_gmt":"2025-02-09T12:25:41","guid":{"rendered":"https:\/\/euvivoaselecao.com.br\/index.php\/2025\/02\/09\/necaxa-estaria-interessado-na-contratacao-de-capasso\/"},"modified":"2025-02-09T09:25:41","modified_gmt":"2025-02-09T12:25:41","slug":"necaxa-estaria-interessado-na-contratacao-de-capasso","status":"publish","type":"post","link":"https:\/\/euvivoaselecao.com.br\/index.php\/2025\/02\/09\/necaxa-estaria-interessado-na-contratacao-de-capasso\/","title":{"rendered":"Necaxa estaria interessado na contrata\u00e7\u00e3o de Capasso"},"content":{"rendered":"<p><\/p>\n<div>Antes de mais nada, o Necaxa, do M\u00e9xico, desistiu de contratar Nahuel Ferraresi. O S\u00e3o Paulo, dono dos direitos econ\u00f4micos, do jogador rejeitou a proposta de US$ 2,8 milh\u00f5es (R$ 16,2 milh\u00f5es, na cota\u00e7\u00e3o atual). O venezuela era um pedido do t\u00e9cnico Nicol\u00e1s Lacarm\u00f3n.<\/p>\n<p>A Ag\u00eancia RTI Esporte apurou que o clube mexicano decidiu encerrar as tratativas porque o S\u00e3o Paulo, em nenhum momento, mostrou-se disposto a reduzir os valores. O Soberano pede US$ 3 milh\u00f5es (R$ 17,4 milh\u00f5es) para negociar o zagueiro da Sele\u00e7\u00e3o Venezuelana.\n<\/p>\n<p>Nos \u00faltimos dias, o Tricolor do Morumbi recusou outras ofertas, todas por empr\u00e9stimo, por Nahuel Ferraresi. Inter Miami, dos Estados Unidos, Talleres, da Argentina e, Torino, da It\u00e1lia, tentaram sem sucesso a contrata\u00e7\u00e3o do zagueiro.\n<\/p>\n<p>No Brasil, o Gr\u00eamio tentou a contrata\u00e7\u00e3o em definitivo do zagueiro. O clube ofereceu dinheiro e uma contrapartida t\u00e9cnica para reduzir o valor total da opera\u00e7\u00e3o. Mas, o S\u00e3o Paulo acabou recusando porque acabou n\u00e3o ficando interessado em nenhum jogador da lista.\n<\/p>\n<p>A constata\u00e7\u00e3o de que ser\u00e1 preciso gastar muito para ter um zagueiro experiente faz dirigentes desejarem a contrata\u00e7\u00e3o de Manuel Capasso, do Vasco. O argentino, de 28 anos, est\u00e1 fora dos planos do Vasco para esta temporada.\n<\/p>\n<p>Ainda segundo apurou a reportagem, o Necaxa tinha a intens\u00e3o de contratar o defensor cruzmaltino por empr\u00e9stimo de um ano e com op\u00e7\u00e3o de compra dos direitos econ\u00f4micos. O Vasco, por\u00e9m, acabou recusando essa modalidade de acordo.\n<\/p>\n<p>Para que a negocia\u00e7\u00e3o aconte\u00e7a, o clube deseja receber US$ 1 milh\u00e3o (R$ 5,8 milh\u00f5es) pelo jogador. Esse foi o dinheiro investido pela 777 Partners, antiga dona na SAF Vasco, para vender 50% dos direitos econ\u00f4micos do argentino. A outra metade pertence ao Atl\u00e9tico Tucum\u00e1n.\n<\/p>\n<p>O jogador estava cotado para defender o Talleres em 2025. No entanto, o Vasco pediu ao clube argentino a inclus\u00e3o do atacante Federico Girotti. Entretanto, o atacante n\u00e3o demonstrou interesse em se transferir para o futebol brasileiro.\n<\/p>\n<p>Fonte: RTI Esporte<\/p>\n<\/div>\n<p><script async defer crossorigin=\"anonymous\" src=\"https:\/\/connect.facebook.net\/pt_BR\/sdk.js#xfbml=1&amp;version=v12.0&amp;appId=114327694422&amp;autoLogAppEvents=1\" nonce=\"4kp7RAsD\"><\/script><\/p>\n","protected":false},"excerpt":{"rendered":"<p>Antes de mais nada, o Necaxa, do M\u00e9xico, desistiu de contratar Nahuel Ferraresi. O S\u00e3o Paulo, dono dos direitos econ\u00f4micos,<\/p>\n","protected":false},"author":1,"featured_media":0,"comment_status":"","ping_status":"","sticky":false,"template":"","format":"standard","meta":{"colormag_page_container_layout":"default_layout","colormag_page_sidebar_layout":"default_layout","footnotes":""},"categories":[1],"tags":[],"class_list":["post-40462","post","type-post","status-publish","format-standard","hentry","category-sem-categoria"],"_links":{"self":[{"href":"https:\/\/euvivoaselecao.com.br\/index.php\/wp-json\/wp\/v2\/posts\/40462","targetHints":{"allow":["GET"]}}],"collection":[{"href":"https:\/\/euvivoaselecao.com.br\/index.php\/wp-json\/wp\/v2\/posts"}],"about":[{"href":"https:\/\/euvivoaselecao.com.br\/index.php\/wp-json\/wp\/v2\/types\/post"}],"author":[{"embeddable":true,"href":"https:\/\/euvivoaselecao.com.br\/index.php\/wp-json\/wp\/v2\/users\/1"}],"replies":[{"embeddable":true,"href":"https:\/\/euvivoaselecao.com.br\/index.php\/wp-json\/wp\/v2\/comments?post=40462"}],"version-history":[{"count":0,"href":"https:\/\/euvivoaselecao.com.br\/index.php\/wp-json\/wp\/v2\/posts\/40462\/revisions"}],"wp:attachment":[{"href":"https:\/\/euvivoaselecao.com.br\/index.php\/wp-json\/wp\/v2\/media?parent=40462"}],"wp:term":[{"taxonomy":"category","embeddable":true,"href":"https:\/\/euvivoaselecao.com.br\/index.php\/wp-json\/wp\/v2\/categories?post=40462"},{"taxonomy":"post_tag","embeddable":true,"href":"https:\/\/euvivoaselecao.com.br\/index.php\/wp-json\/wp\/v2\/tags?post=40462"}],"curies":[{"name":"wp","href":"https:\/\/api.w.org\/{rel}","templated":true}]}}