{"id":42265,"date":"2025-03-01T06:51:42","date_gmt":"2025-03-01T09:51:42","guid":{"rendered":"https:\/\/euvivoaselecao.com.br\/index.php\/2025\/03\/01\/reforcos-estao-a-disposicao-para-a-semifinal-e-tche-tche-segue-como-duvida\/"},"modified":"2025-03-01T06:51:42","modified_gmt":"2025-03-01T09:51:42","slug":"reforcos-estao-a-disposicao-para-a-semifinal-e-tche-tche-segue-como-duvida","status":"publish","type":"post","link":"https:\/\/euvivoaselecao.com.br\/index.php\/2025\/03\/01\/reforcos-estao-a-disposicao-para-a-semifinal-e-tche-tche-segue-como-duvida\/","title":{"rendered":"Refor\u00e7os est\u00e3o \u00e0 disposi\u00e7\u00e3o para a semifinal e Tch\u00ea Tch\u00ea segue como d\u00favida"},"content":{"rendered":"<p><\/p>\n<p>Refor\u00e7os est\u00e3o \u00e0 disposi\u00e7\u00e3o para a semifinal e Tch\u00ea Tch\u00ea segue como d\u00favida<\/p>\n<div><center><\/p>\n<p><iframe class=\"embed-responsive-item\" allowfullscreen=\"\" src=\"https:\/\/s.videos.globo.com\/p3\/amp\/index.html?videosids=13381151\"><\/iframe><\/p>\n<p>Vasco enfrenta o Flamengo pela semifinal do Campeonato Carioca<\/p>\n<p><\/center><\/p>\n<p>O Vasco encerrou na manh\u00e3 desta sexta-feira a prepara\u00e7\u00e3o para o primeiro jogo da semifinal do Campeonato Carioca contra o Flamengo, que ser\u00e1 realizado neste s\u00e1bado, \u00e0s 18h (de Bras\u00edlia).\n<\/p>\n<p>A exemplo do treino de quarta, a atividade nesta sexta ocorreu o Est\u00e1dio Nilton Santos, que ser\u00e1 o palco do primeiro cl\u00e1ssico. Serviu para os jogadores se ambientarem ao gramado sint\u00e9tico.\n<\/p>\n<p>A novidade no treino desta sexta foi a presen\u00e7a de Loide Augusto, que chegou ao Rio de Janeiro na quinta. Ele participou normalmente da atividade ao lado do grupo e deve ser relacionado.\n<\/p>\n<p>Benjam\u00edn Garr\u00e9 e Nuno Moreira, que tamb\u00e9m foram apresentados esta semana, j\u00e1 haviam treinado antes e tamb\u00e9m est\u00e3o \u00e0 disposi\u00e7\u00e3o.\n<\/p>\n<p>Tch\u00ea Tch\u00ea segue como d\u00favida. O volante sofreu uma les\u00e3o no ligamento do joelho direito na vit\u00f3ria sobre o Botafogo, na \u00faltima rodada da Ta\u00e7a Guanabara, e ainda n\u00e3o tem presen\u00e7a confirmada no cl\u00e1ssico deste s\u00e1bado.\n<\/p>\n<p>Dentro dessas circunst\u00e2ncias, uma prov\u00e1vel escala\u00e7\u00e3o do Vasco \u00e9 L\u00e9o Jardim, Paulo Henrique, Jo\u00e3o Victor, Lucas Freitas, Lucas Piton, Jair (Tch\u00ea Tch\u00ea), Hugo Moura, Coutinho, Zuccarello (Loide), Rayan e Vegetti.\n<\/p>\n<p>Vasco e Flamengo fazem o primeiro jogo da semifinal do Carioca neste s\u00e1bado, \u00e0s 18h, no Nilton Santos. A partida da volta, com mando do Flamengo, ser\u00e1 no s\u00e1bado que vem.\n<\/p>\n<p>Fonte: ge<\/p>\n<\/div>\n<p><script async defer crossorigin=\"anonymous\" src=\"https:\/\/connect.facebook.net\/pt_BR\/sdk.js#xfbml=1&amp;version=v12.0&amp;appId=114327694422&amp;autoLogAppEvents=1\" nonce=\"4kp7RAsD\"><\/script><\/p>\n","protected":false},"excerpt":{"rendered":"<p>Refor\u00e7os est\u00e3o \u00e0 disposi\u00e7\u00e3o para a semifinal e Tch\u00ea Tch\u00ea segue como d\u00favida Vasco enfrenta o Flamengo pela semifinal do<\/p>\n","protected":false},"author":1,"featured_media":0,"comment_status":"","ping_status":"","sticky":false,"template":"","format":"standard","meta":{"colormag_page_container_layout":"default_layout","colormag_page_sidebar_layout":"default_layout","footnotes":""},"categories":[1],"tags":[],"class_list":["post-42265","post","type-post","status-publish","format-standard","hentry","category-sem-categoria"],"_links":{"self":[{"href":"https:\/\/euvivoaselecao.com.br\/index.php\/wp-json\/wp\/v2\/posts\/42265","targetHints":{"allow":["GET"]}}],"collection":[{"href":"https:\/\/euvivoaselecao.com.br\/index.php\/wp-json\/wp\/v2\/posts"}],"about":[{"href":"https:\/\/euvivoaselecao.com.br\/index.php\/wp-json\/wp\/v2\/types\/post"}],"author":[{"embeddable":true,"href":"https:\/\/euvivoaselecao.com.br\/index.php\/wp-json\/wp\/v2\/users\/1"}],"replies":[{"embeddable":true,"href":"https:\/\/euvivoaselecao.com.br\/index.php\/wp-json\/wp\/v2\/comments?post=42265"}],"version-history":[{"count":0,"href":"https:\/\/euvivoaselecao.com.br\/index.php\/wp-json\/wp\/v2\/posts\/42265\/revisions"}],"wp:attachment":[{"href":"https:\/\/euvivoaselecao.com.br\/index.php\/wp-json\/wp\/v2\/media?parent=42265"}],"wp:term":[{"taxonomy":"category","embeddable":true,"href":"https:\/\/euvivoaselecao.com.br\/index.php\/wp-json\/wp\/v2\/categories?post=42265"},{"taxonomy":"post_tag","embeddable":true,"href":"https:\/\/euvivoaselecao.com.br\/index.php\/wp-json\/wp\/v2\/tags?post=42265"}],"curies":[{"name":"wp","href":"https:\/\/api.w.org\/{rel}","templated":true}]}}