{"id":42298,"date":"2025-03-01T14:32:51","date_gmt":"2025-03-01T17:32:51","guid":{"rendered":"https:\/\/euvivoaselecao.com.br\/index.php\/2025\/03\/01\/feminino-vasco-posta-foto-da-camisa-que-sera-utilizada-neste-sabado-contra-o-botafogo-veja\/"},"modified":"2025-03-01T14:32:51","modified_gmt":"2025-03-01T17:32:51","slug":"feminino-vasco-posta-foto-da-camisa-que-sera-utilizada-neste-sabado-contra-o-botafogo-veja","status":"publish","type":"post","link":"https:\/\/euvivoaselecao.com.br\/index.php\/2025\/03\/01\/feminino-vasco-posta-foto-da-camisa-que-sera-utilizada-neste-sabado-contra-o-botafogo-veja\/","title":{"rendered":"Feminino: Vasco posta foto da camisa que ser\u00e1 utilizada neste s\u00e1bado contra o Botafogo; veja"},"content":{"rendered":"<p><\/p>\n<div>\n<div>\n<p>Feminino: Vasco posta foto da camisa que ser\u00e1 utilizada neste s\u00e1bado contra o Botafogo; veja<\/p>\n<p>S\u00e1bado, 01\/03\/2025  \u2013 08:18<\/p>\n<div class=\"corpo\">Vasco Feminino @vasco_feminino<\/p>\n<p>Nossa camisa l pronta para a partida \ud83d\udda4\ud83d\udca2<\/p>\n<p>\ud83d\udcf8 Beatriz Palmieri | #MeninasDaColina\n<\/p>\n<p>#VascoDaGama\n<\/p>\n<p>Fonte: X oficial Vasco Feminino<\/p>\n<\/div>\n<\/div>\n<div class=\"sharedaddy sd-block sd-like jetpack-likes-widget-wrapper jetpack-likes-widget-unloaded\" id=\"like-post-wrapper-173292096-71112-67c3457fd6a00\" data-src=\"https:\/\/widgets.wp.com\/likes\/?ver=14.3#blog_id=173292096&amp;post_id=71112&amp;origin=vasconet.com.br&amp;obj_id=173292096-71112-67c3457fd6a00&amp;n=1\" data-name=\"like-post-frame-173292096-71112-67c3457fd6a00\" data-title=\"Curtir ou reblogar\">\n<h3 class=\"sd-title\">Curtir isso:<\/h3>\n<p><span class=\"button\"><span>Curtir<\/span><\/span> <span class=\"loading\">Carregando&#8230;<\/span><\/p>\n<p><span class=\"sd-text-color\"><\/span><\/div>\n<\/p>\n<h3 class=\"jp-relatedposts-headline\"><em>Relacionado<\/em><\/h3>\n<p><!-- CONTENT END 2 --><br \/>\n\t\t\t<!-- .entry-content --><\/div>\n<p><script async defer crossorigin=\"anonymous\" src=\"https:\/\/connect.facebook.net\/pt_BR\/sdk.js#xfbml=1&amp;version=v12.0&amp;appId=114327694422&amp;autoLogAppEvents=1\" nonce=\"4kp7RAsD\"><\/script><\/p>\n","protected":false},"excerpt":{"rendered":"<p>Feminino: Vasco posta foto da camisa que ser\u00e1 utilizada neste s\u00e1bado contra o Botafogo; veja S\u00e1bado, 01\/03\/2025 \u2013 08:18 Vasco<\/p>\n","protected":false},"author":1,"featured_media":0,"comment_status":"","ping_status":"","sticky":false,"template":"","format":"standard","meta":{"colormag_page_container_layout":"default_layout","colormag_page_sidebar_layout":"default_layout","footnotes":""},"categories":[1],"tags":[],"class_list":["post-42298","post","type-post","status-publish","format-standard","hentry","category-sem-categoria"],"_links":{"self":[{"href":"https:\/\/euvivoaselecao.com.br\/index.php\/wp-json\/wp\/v2\/posts\/42298","targetHints":{"allow":["GET"]}}],"collection":[{"href":"https:\/\/euvivoaselecao.com.br\/index.php\/wp-json\/wp\/v2\/posts"}],"about":[{"href":"https:\/\/euvivoaselecao.com.br\/index.php\/wp-json\/wp\/v2\/types\/post"}],"author":[{"embeddable":true,"href":"https:\/\/euvivoaselecao.com.br\/index.php\/wp-json\/wp\/v2\/users\/1"}],"replies":[{"embeddable":true,"href":"https:\/\/euvivoaselecao.com.br\/index.php\/wp-json\/wp\/v2\/comments?post=42298"}],"version-history":[{"count":0,"href":"https:\/\/euvivoaselecao.com.br\/index.php\/wp-json\/wp\/v2\/posts\/42298\/revisions"}],"wp:attachment":[{"href":"https:\/\/euvivoaselecao.com.br\/index.php\/wp-json\/wp\/v2\/media?parent=42298"}],"wp:term":[{"taxonomy":"category","embeddable":true,"href":"https:\/\/euvivoaselecao.com.br\/index.php\/wp-json\/wp\/v2\/categories?post=42298"},{"taxonomy":"post_tag","embeddable":true,"href":"https:\/\/euvivoaselecao.com.br\/index.php\/wp-json\/wp\/v2\/tags?post=42298"}],"curies":[{"name":"wp","href":"https:\/\/api.w.org\/{rel}","templated":true}]}}