{"id":42313,"date":"2025-03-01T18:01:40","date_gmt":"2025-03-01T21:01:40","guid":{"rendered":"https:\/\/euvivoaselecao.com.br\/index.php\/2025\/03\/01\/sonora-governo-do-estado-investe-r-18-milhao-em-eventos-de-inovacao-empreendedorismo-e-tecnologia\/"},"modified":"2025-03-01T18:01:40","modified_gmt":"2025-03-01T21:01:40","slug":"sonora-governo-do-estado-investe-r-18-milhao-em-eventos-de-inovacao-empreendedorismo-e-tecnologia","status":"publish","type":"post","link":"https:\/\/euvivoaselecao.com.br\/index.php\/2025\/03\/01\/sonora-governo-do-estado-investe-r-18-milhao-em-eventos-de-inovacao-empreendedorismo-e-tecnologia\/","title":{"rendered":"SONORA &#8211; Governo do Estado investe R$ 1,8 milh\u00e3o em eventos de inova\u00e7\u00e3o, empreendedorismo e tecnologia"},"content":{"rendered":"<p><\/p>\n<div>\n<figure class=\"wp-block-audio\"><audio controls=\"\" src=\"https:\/\/estado.sc.gov.br\/noticias\/wp-content\/uploads\/sites\/3\/2025\/02\/SECOM-Sonora-Coordenadora-do-Edital.mp3\"\/><\/figure>\n<p><span id=\"more-340922\"\/><\/p>\n<p>A Funda\u00e7\u00e3o de Amparo \u00e0 Pesquisa e Inova\u00e7\u00e3o do estado de Santa Catarina (Fapesc) em colabora\u00e7\u00e3o com a Secretaria de Estado da Ci\u00eancia, Tecnologia e Inova\u00e7\u00e3o (SCTI) lan\u00e7ou, nesta semana, o edital 07\/2025, voltado para a realiza\u00e7\u00e3o de eventos pelos membros da Rede Catarinense de Centros de Inova\u00e7\u00e3o (RCCI).<\/p>\n<p>Com valor global de at\u00e9 R$ 1,8 milh\u00e3o do or\u00e7amento da Fapesc, o edital ir\u00e1 selecionar propostas de eventos nacionais ou internacionais \u2013 como mesas de neg\u00f3cios, hackathons, palestras e apresenta\u00e7\u00e3o de solu\u00e7\u00f5es tecnol\u00f3gicas a potenciais compradores e investidores \u2013 enviadas pelos Centros de Inova\u00e7\u00e3o (CIs) ligados \u00e0 RCCI, como explica a coordenadora do edital, Vanessa Zanatta:<\/p>\n<p>SONORA<\/p>\n<p>Os projetos devem ser submetidos at\u00e9 \u00e0s 18 horas do dia 31 de mar\u00e7o.<\/p>\n<\/p><\/div>\n","protected":false},"excerpt":{"rendered":"<p>A Funda\u00e7\u00e3o de Amparo \u00e0 Pesquisa e Inova\u00e7\u00e3o do estado de Santa Catarina (Fapesc) em colabora\u00e7\u00e3o com a Secretaria de<\/p>\n","protected":false},"author":1,"featured_media":0,"comment_status":"","ping_status":"","sticky":false,"template":"","format":"standard","meta":{"colormag_page_container_layout":"default_layout","colormag_page_sidebar_layout":"default_layout","footnotes":""},"categories":[1],"tags":[],"class_list":["post-42313","post","type-post","status-publish","format-standard","hentry","category-sem-categoria"],"_links":{"self":[{"href":"https:\/\/euvivoaselecao.com.br\/index.php\/wp-json\/wp\/v2\/posts\/42313","targetHints":{"allow":["GET"]}}],"collection":[{"href":"https:\/\/euvivoaselecao.com.br\/index.php\/wp-json\/wp\/v2\/posts"}],"about":[{"href":"https:\/\/euvivoaselecao.com.br\/index.php\/wp-json\/wp\/v2\/types\/post"}],"author":[{"embeddable":true,"href":"https:\/\/euvivoaselecao.com.br\/index.php\/wp-json\/wp\/v2\/users\/1"}],"replies":[{"embeddable":true,"href":"https:\/\/euvivoaselecao.com.br\/index.php\/wp-json\/wp\/v2\/comments?post=42313"}],"version-history":[{"count":0,"href":"https:\/\/euvivoaselecao.com.br\/index.php\/wp-json\/wp\/v2\/posts\/42313\/revisions"}],"wp:attachment":[{"href":"https:\/\/euvivoaselecao.com.br\/index.php\/wp-json\/wp\/v2\/media?parent=42313"}],"wp:term":[{"taxonomy":"category","embeddable":true,"href":"https:\/\/euvivoaselecao.com.br\/index.php\/wp-json\/wp\/v2\/categories?post=42313"},{"taxonomy":"post_tag","embeddable":true,"href":"https:\/\/euvivoaselecao.com.br\/index.php\/wp-json\/wp\/v2\/tags?post=42313"}],"curies":[{"name":"wp","href":"https:\/\/api.w.org\/{rel}","templated":true}]}}