{"id":42339,"date":"2025-03-02T01:01:52","date_gmt":"2025-03-02T04:01:52","guid":{"rendered":"https:\/\/euvivoaselecao.com.br\/index.php\/2025\/03\/02\/atendimento-do-cadunico-fica-suspenso-durante-periodo-de-carnaval\/"},"modified":"2025-03-02T01:01:52","modified_gmt":"2025-03-02T04:01:52","slug":"atendimento-do-cadunico-fica-suspenso-durante-periodo-de-carnaval","status":"publish","type":"post","link":"https:\/\/euvivoaselecao.com.br\/index.php\/2025\/03\/02\/atendimento-do-cadunico-fica-suspenso-durante-periodo-de-carnaval\/","title":{"rendered":"Atendimento do Cad\u00danico fica suspenso durante per\u00edodo de Carnaval"},"content":{"rendered":"<p><\/p>\n<div>\n<h5 class=\"text-primary\">Ponto facultativo e feriado<\/h5>\n<p>                        <!-- Mostra o t&iacute;tulo como um link para o link permanente do post --><\/p>\n<h2 class=\"mb-3\">Atendimento do Cad\u00danico fica suspenso durante per\u00edodo de Carnaval<\/h2>\n<p class=\"text-secondary font-italic mb-3 p-0\">&#13;<br \/>\n                            <i class=\"fa fa-calendar\"\/> 01\/03\/2025 | &#13;<br \/>\n                            <i class=\"fa fa-clock-o\"\/> 17:00 |&#13;<br \/>\n                            <i class=\"fa fa-eye\"\/> 174                        <\/p>\n<p>                        <!-- Mostra o conte&uacute;do do post em uma DIV --><\/p>\n<div class=\"\">\n<p>Os atendimentos do Cad\u00danico, respons\u00e1veis pela inclus\u00e3o das fam\u00edlias de baixa renda em programas de assist\u00eancia social e redistribui\u00e7\u00e3o de renda, ficam suspensos nesta segunda (3) e ter\u00e7a-feira (4), assim como outros servi\u00e7os da Prefeitura de Jo\u00e3o Pessoa que seguem o ponto facultativo e feriado.\u00a0<\/p>\n<figure class=\"wp-block-gallery has-nested-images columns-default is-cropped wp-block-gallery-1 is-layout-flex wp-block-gallery-is-layout-flex\">\n<figure class=\"wp-block-image size-full\"><\/figure>\n<figure class=\"wp-block-image size-full\"><\/figure>\n<\/figure>\n<p>Os servidores voltam ao trabalho administrativo na quarta-feira (5), e os atendimentos ao p\u00fablico voltam a funcionar na quinta-feira (6), normalmente.<\/p>\n<p>A sede do Cad\u00danico fica na Rua Braz Florentino, n 138, no Centro, em frente \u00e0 Pra\u00e7a Bar\u00e3o do Rio Branco. Com o hor\u00e1rio de atendimento das 7h \u00e0s 17h.<\/p>\n<p>Alguns atendimentos tamb\u00e9m podem ser realizados nos Centros de Refer\u00eancia de Assist\u00eancia Social (Cras), que tamb\u00e9m t\u00eam acesso ao sistema do Bolsa Fam\u00edlia, localizados em diversos bairros da Capital. <\/p>\n<p>Para facilitar o acesso, basta verificar o Cras de cada regi\u00e3o e agendar o atendimento, no link https:\/\/www.joaopessoa.pb.gov.br\/servico\/centro-de-referencia-de-assistencia-social-cras\/ <\/p>\n<\/p><\/div>\n<\/p><\/div>\n","protected":false},"excerpt":{"rendered":"<p>Ponto facultativo e feriado Atendimento do Cad\u00danico fica suspenso durante per\u00edodo de Carnaval &#13; 01\/03\/2025 | &#13; 17:00 |&#13; 174<\/p>\n","protected":false},"author":1,"featured_media":0,"comment_status":"","ping_status":"","sticky":false,"template":"","format":"standard","meta":{"colormag_page_container_layout":"default_layout","colormag_page_sidebar_layout":"default_layout","footnotes":""},"categories":[1],"tags":[],"class_list":["post-42339","post","type-post","status-publish","format-standard","hentry","category-sem-categoria"],"_links":{"self":[{"href":"https:\/\/euvivoaselecao.com.br\/index.php\/wp-json\/wp\/v2\/posts\/42339","targetHints":{"allow":["GET"]}}],"collection":[{"href":"https:\/\/euvivoaselecao.com.br\/index.php\/wp-json\/wp\/v2\/posts"}],"about":[{"href":"https:\/\/euvivoaselecao.com.br\/index.php\/wp-json\/wp\/v2\/types\/post"}],"author":[{"embeddable":true,"href":"https:\/\/euvivoaselecao.com.br\/index.php\/wp-json\/wp\/v2\/users\/1"}],"replies":[{"embeddable":true,"href":"https:\/\/euvivoaselecao.com.br\/index.php\/wp-json\/wp\/v2\/comments?post=42339"}],"version-history":[{"count":0,"href":"https:\/\/euvivoaselecao.com.br\/index.php\/wp-json\/wp\/v2\/posts\/42339\/revisions"}],"wp:attachment":[{"href":"https:\/\/euvivoaselecao.com.br\/index.php\/wp-json\/wp\/v2\/media?parent=42339"}],"wp:term":[{"taxonomy":"category","embeddable":true,"href":"https:\/\/euvivoaselecao.com.br\/index.php\/wp-json\/wp\/v2\/categories?post=42339"},{"taxonomy":"post_tag","embeddable":true,"href":"https:\/\/euvivoaselecao.com.br\/index.php\/wp-json\/wp\/v2\/tags?post=42339"}],"curies":[{"name":"wp","href":"https:\/\/api.w.org\/{rel}","templated":true}]}}