{"id":45516,"date":"2025-04-01T07:36:59","date_gmt":"2025-04-01T10:36:59","guid":{"rendered":"https:\/\/euvivoaselecao.com.br\/index.php\/2025\/04\/01\/profissionais-administrativos-nomeados-no-maior-concurso-publico-da-historia-da-educacao-de-sc-sao-empossados-nesta-terca\/"},"modified":"2025-04-01T07:36:59","modified_gmt":"2025-04-01T10:36:59","slug":"profissionais-administrativos-nomeados-no-maior-concurso-publico-da-historia-da-educacao-de-sc-sao-empossados-nesta-terca","status":"publish","type":"post","link":"https:\/\/euvivoaselecao.com.br\/index.php\/2025\/04\/01\/profissionais-administrativos-nomeados-no-maior-concurso-publico-da-historia-da-educacao-de-sc-sao-empossados-nesta-terca\/","title":{"rendered":"Profissionais administrativos nomeados no maior concurso p\u00fablico da hist\u00f3ria da Educa\u00e7\u00e3o de SC s\u00e3o empossados nesta ter\u00e7a"},"content":{"rendered":"<p><\/p>\n<div>\n<p><em>Foto: Roberto Zacarias \/ SECOM<\/em><\/p>\n<p>Os profissionais administrativos nomeados no maior concurso p\u00fablico da hist\u00f3ria da Educa\u00e7\u00e3o de Santa Catarina tomam posse nesta ter\u00e7a-feira, 1\u00ba de abril, e j\u00e1 iniciam os trabalhos nas suas respectivas unidades escolares. S\u00e3o aproximadamente 1.500 novos profissionais atuando nas escolas estaduais de Santa Catarina.<\/p>\n<p>\u201cEstamos muito felizes com a chegada desses novos integrantes e temos certeza que cada um far\u00e1 um grande trabalho em prol do crescimento da educa\u00e7\u00e3o de Santa Catarina\u201d, destacou o secret\u00e1rio de Estado da Educa\u00e7\u00e3o, Aristides Cimadon.<\/p>\n<p>O maior concurso p\u00fablico da hist\u00f3ria da Educa\u00e7\u00e3o catarinense foi realizado em setembro do ano passado e oferecer\u00e1, durante a sua vig\u00eancia, at\u00e9 10 mil vagas, entre professores e fun\u00e7\u00f5es administrativas. As nomea\u00e7\u00f5es ir\u00e3o ocorrer em v\u00e1rias chamadas, conforme a necessidade da rede.<\/p>\n<p>Esta \u00e9 mais uma das a\u00e7\u00f5es do Estado para melhorar ainda mais a qualidade da educa\u00e7\u00e3o catarinense. Entre as novas iniciativas da Rede Estadual de Ensino para este ano est\u00e3o a amplia\u00e7\u00e3o das aulas de Ingl\u00eas aos estudantes do 1\u00ba ao 5\u00ba ano do Ensino Fundamental e a implementa\u00e7\u00e3o do projeto piloto com o m\u00e9todo IntraAct de alfabetiza\u00e7\u00e3o.<\/p>\n<\/p><\/div>\n","protected":false},"excerpt":{"rendered":"<p>Foto: Roberto Zacarias \/ SECOM Os profissionais administrativos nomeados no maior concurso p\u00fablico da hist\u00f3ria da Educa\u00e7\u00e3o de Santa Catarina<\/p>\n","protected":false},"author":1,"featured_media":0,"comment_status":"","ping_status":"","sticky":false,"template":"","format":"standard","meta":{"colormag_page_container_layout":"default_layout","colormag_page_sidebar_layout":"default_layout","footnotes":""},"categories":[1],"tags":[],"class_list":["post-45516","post","type-post","status-publish","format-standard","hentry","category-sem-categoria"],"_links":{"self":[{"href":"https:\/\/euvivoaselecao.com.br\/index.php\/wp-json\/wp\/v2\/posts\/45516","targetHints":{"allow":["GET"]}}],"collection":[{"href":"https:\/\/euvivoaselecao.com.br\/index.php\/wp-json\/wp\/v2\/posts"}],"about":[{"href":"https:\/\/euvivoaselecao.com.br\/index.php\/wp-json\/wp\/v2\/types\/post"}],"author":[{"embeddable":true,"href":"https:\/\/euvivoaselecao.com.br\/index.php\/wp-json\/wp\/v2\/users\/1"}],"replies":[{"embeddable":true,"href":"https:\/\/euvivoaselecao.com.br\/index.php\/wp-json\/wp\/v2\/comments?post=45516"}],"version-history":[{"count":0,"href":"https:\/\/euvivoaselecao.com.br\/index.php\/wp-json\/wp\/v2\/posts\/45516\/revisions"}],"wp:attachment":[{"href":"https:\/\/euvivoaselecao.com.br\/index.php\/wp-json\/wp\/v2\/media?parent=45516"}],"wp:term":[{"taxonomy":"category","embeddable":true,"href":"https:\/\/euvivoaselecao.com.br\/index.php\/wp-json\/wp\/v2\/categories?post=45516"},{"taxonomy":"post_tag","embeddable":true,"href":"https:\/\/euvivoaselecao.com.br\/index.php\/wp-json\/wp\/v2\/tags?post=45516"}],"curies":[{"name":"wp","href":"https:\/\/api.w.org\/{rel}","templated":true}]}}