{"id":45531,"date":"2025-04-01T10:26:14","date_gmt":"2025-04-01T13:26:14","guid":{"rendered":"https:\/\/euvivoaselecao.com.br\/index.php\/2025\/04\/01\/brasil-de-andrey-fernandes-vence-a-bolivia-por-3-a-0-pelo-sul-americano-sub-17\/"},"modified":"2025-04-01T10:26:14","modified_gmt":"2025-04-01T13:26:14","slug":"brasil-de-andrey-fernandes-vence-a-bolivia-por-3-a-0-pelo-sul-americano-sub-17","status":"publish","type":"post","link":"https:\/\/euvivoaselecao.com.br\/index.php\/2025\/04\/01\/brasil-de-andrey-fernandes-vence-a-bolivia-por-3-a-0-pelo-sul-americano-sub-17\/","title":{"rendered":"Brasil de Andrey Fernandes vence a Bol\u00edvia por 3 a 0 pelo Sul-Americano Sub-17"},"content":{"rendered":"<p><\/p>\n<div>O Brasil venceu sua primeira partida no Sul-Americano Sub-17. Neste domingo (30), o time verde e amarelo bateu a Bol\u00edvia por 3 a 0, pela segunda rodada do Grupo B, em Cartagena, na Col\u00f4mbia.<\/p>\n<p>Com quatro pontos, a Sele\u00e7\u00e3o chega \u00e0 lideran\u00e7a. Mas ter\u00e1 que aguardar os desdobramentos de Uruguai e Equador, ainda neste domingo. Se a Celeste n\u00e3o trinfar, o Brasil  mant\u00e9m a ponta nesta jornada.\n<\/p>\n<p>Na pr\u00f3xima quinta-feira (3), o Brasil volta a campo ao enfrentar a Venezuela, pela pen\u00faltima rodada da chave. A bola rola \u00e0s 21h (hor\u00e1rio de Bras\u00edlia). Um triunfo pode selar a classifica\u00e7\u00e3o dos brazucas.\n<\/p>\n<p>Ruan Pablo, do Bahia, foi um grande nome do encontro. Ele abriu o placar aos sete minutos do primeiro tempo e ampliou aos 17 da etapa final. Depois, Kayke, do Paranaense, aos 36, deu n\u00fameros finais \u00e0 goleada do Brasil sobre os andinos.\n<\/p>\n<p>Fonte: Jogada 10\n<\/p>\n<p><b>Brasil vence no Sul-Americano Sub-17, e Ruan Pablo faz dois e leva amarelo por subir na bola; veja<\/b><\/p>\n<p><center><\/p>\n<p><iframe class=\"embed-responsive-item\" allowfullscreen=\"\" src=\"https:\/\/s.videos.globo.com\/p3\/amp\/index.html?videosids=13471583\"><\/iframe><\/p>\n<p>Ruan Pablo sobe em cima da bola e leva o cart\u00e3o amarelo<\/p>\n<p><\/center><\/p>\n<p>O Brasil venceu a Bol\u00edvia por 3 a 0 neste domingo, pela segunda rodada do Sul-Americano Sub-17, em Cartagena, na Col\u00f4mbia. Ruan Pablo, que j\u00e1 marcara o gol brasileiro na estreia (empate por 1 a 1 com o Uruguai), fez dois, e Kayke Ayrton anotou o outro.\n<\/p>\n<p>Al\u00e9m dos gols, Ruan Pablo tamb\u00e9m levou um cart\u00e3o amarelo por ter subido em cima da bola com os dois p\u00e9s a fim de provocar um advers\u00e1rio aos 28 minutos do segundo tempo. Durante a transmiss\u00e3o do Sportv, o comentarista de arbitragem PC Oliveira disse que a decis\u00e3o tomada pelo \u00e1rbitro peruano Jordi Espinoza cabe diante das regras do jogo. Na reta final do duelo, o camisa 11 da Bol\u00edvia, Garcia, tamb\u00e9m foi amarelado pelo mesmo motivo.\n<\/p>\n<p>Durante consulta do comentarista Marcelo Raed a PC Oliveira, o ex-\u00e1rbitro explicou que o cart\u00e3o amarelo n\u00e3o \u00e9 obrigat\u00f3rio, mas que o mesmo pode ser aplicado caso o \u00e1rbitro entenda que uma provoca\u00e7\u00e3o desse tipo possa desencadear a\u00e7\u00f5es violentas durante a partida.\n<\/p>\n<p>Com o resultado, o Brasil assumiu provisoriamente a lideran\u00e7a do Grupo B do Sul-Americano Sub-17, com quatro pontos, um a mais do que tem a Venezuela, que folgou nesta rodada (cada chave tem cinco times).\n<\/p>\n<p>Os gols\n<\/p>\n<p><center><\/p>\n<p><iframe class=\"embed-responsive-item\" allowfullscreen=\"\" src=\"https:\/\/s.videos.globo.com\/p3\/amp\/index.html?videosids=13471579\"><\/iframe><\/p>\n<p>Bol\u00edvia 0 x 3 Brasil | Melhores Momentos | 2\u00aa Rodada | Sul-Americano sub-17 2025<\/p>\n<p><\/center><\/p>\n<p>Aos seis minutos de jogo, Ruan Pablo recebeu grande lan\u00e7amento de Wesley Nat\u00e3 na direita e venceu o goleiro Philippin com um chute cruzado. Aos 16 do segundo tempo, Tiago Augusto cruzou, e Ruan fez o segundo dele, completando de p\u00e9 esquerdo. Tamb\u00e9m de esquerda, mas aos 35, Kayke Ayrton fechou o placar com uma cavadinha ap\u00f3s receber bonito lan\u00e7amento de Naar\u00e3.\n<\/p>\n<p>O Brasil n\u00e3o fez um grande jogo e at\u00e9 sofreu bastante no primeiro tempo, com menos posse de bola e finaliza\u00e7\u00f5es (foram apenas duas contra sete da Bol\u00edvia), mas conseguiu controlar na etapa final para chegar \u00e0 vit\u00f3ria.\n<\/p>\n<p>Fonte: ge<\/p>\n<\/div>\n<p><script async defer crossorigin=\"anonymous\" src=\"https:\/\/connect.facebook.net\/pt_BR\/sdk.js#xfbml=1&amp;version=v12.0&amp;appId=114327694422&amp;autoLogAppEvents=1\" nonce=\"4kp7RAsD\"><\/script><\/p>\n","protected":false},"excerpt":{"rendered":"<p>O Brasil venceu sua primeira partida no Sul-Americano Sub-17. Neste domingo (30), o time verde e amarelo bateu a Bol\u00edvia<\/p>\n","protected":false},"author":1,"featured_media":0,"comment_status":"","ping_status":"","sticky":false,"template":"","format":"standard","meta":{"colormag_page_container_layout":"default_layout","colormag_page_sidebar_layout":"default_layout","footnotes":""},"categories":[1],"tags":[],"class_list":["post-45531","post","type-post","status-publish","format-standard","hentry","category-sem-categoria"],"_links":{"self":[{"href":"https:\/\/euvivoaselecao.com.br\/index.php\/wp-json\/wp\/v2\/posts\/45531","targetHints":{"allow":["GET"]}}],"collection":[{"href":"https:\/\/euvivoaselecao.com.br\/index.php\/wp-json\/wp\/v2\/posts"}],"about":[{"href":"https:\/\/euvivoaselecao.com.br\/index.php\/wp-json\/wp\/v2\/types\/post"}],"author":[{"embeddable":true,"href":"https:\/\/euvivoaselecao.com.br\/index.php\/wp-json\/wp\/v2\/users\/1"}],"replies":[{"embeddable":true,"href":"https:\/\/euvivoaselecao.com.br\/index.php\/wp-json\/wp\/v2\/comments?post=45531"}],"version-history":[{"count":0,"href":"https:\/\/euvivoaselecao.com.br\/index.php\/wp-json\/wp\/v2\/posts\/45531\/revisions"}],"wp:attachment":[{"href":"https:\/\/euvivoaselecao.com.br\/index.php\/wp-json\/wp\/v2\/media?parent=45531"}],"wp:term":[{"taxonomy":"category","embeddable":true,"href":"https:\/\/euvivoaselecao.com.br\/index.php\/wp-json\/wp\/v2\/categories?post=45531"},{"taxonomy":"post_tag","embeddable":true,"href":"https:\/\/euvivoaselecao.com.br\/index.php\/wp-json\/wp\/v2\/tags?post=45531"}],"curies":[{"name":"wp","href":"https:\/\/api.w.org\/{rel}","templated":true}]}}