{"id":45585,"date":"2025-04-01T23:35:06","date_gmt":"2025-04-02T02:35:06","guid":{"rendered":"https:\/\/euvivoaselecao.com.br\/index.php\/2025\/04\/01\/prefeitura-de-sorocaba-inaugura-a-sede-da-secretaria-da-mulher-na-tarde-desta-segunda-feira-31-agencia-de-noticias\/"},"modified":"2025-04-01T23:35:06","modified_gmt":"2025-04-02T02:35:06","slug":"prefeitura-de-sorocaba-inaugura-a-sede-da-secretaria-da-mulher-na-tarde-desta-segunda-feira-31-agencia-de-noticias","status":"publish","type":"post","link":"https:\/\/euvivoaselecao.com.br\/index.php\/2025\/04\/01\/prefeitura-de-sorocaba-inaugura-a-sede-da-secretaria-da-mulher-na-tarde-desta-segunda-feira-31-agencia-de-noticias\/","title":{"rendered":"Prefeitura de Sorocaba inaugura a sede da Secretaria da Mulher, na tarde desta segunda-feira (31) \u2013 Ag\u00eancia de Not\u00edcias"},"content":{"rendered":"<p><\/p>\n<div wp_automatic_readability=\"130\">\n<p align=\"justify\">\n<p align=\"justify\"><em>Fotos: Michelle Alves<\/em><\/p>\n<p align=\"justify\"><span style=\"color: #30333c;\"><span style=\"font-family: Arial, sans-serif;\">A Prefeitura de Sorocaba inaugurou, na tarde desta segunda-feira (31), a sede da Secretaria da Mulher (Semul), localizada na Av. Rudolf Daffernar, 65, no Alto da Boa Vista. O novo pr\u00e9dio recebeu a denomina\u00e7\u00e3o de \u201cBispa Keila Campos Costa Ferreira\u201d, em homenagem \u00e0 l\u00edder religiosa da Assembleia de Deus no Br\u00e1s, falecida no m\u00eas de fevereiro deste ano.<\/span><\/span><\/p>\n<p align=\"justify\"><span style=\"color: #30333c;\"><span style=\"font-family: Arial, sans-serif;\">O evento teve in\u00edcio com uma aula de gin\u00e1stica funcional, ao som de m\u00fasicas populares, liderada pela coordenadora da Secretaria da Mulher, Christina Palau, e, na sequ\u00eancia, uma apresenta\u00e7\u00e3o do Coral Olga, com can\u00e7\u00f5es de m\u00fasica popular brasileira (MPB).<\/span><\/span><\/p>\n<p align=\"justify\"><span style=\"color: #30333c;\"><span style=\"font-family: Arial, sans-serif;\">A cerim\u00f4nia de inaugura\u00e7\u00e3o da sede da Semul reuniu o prefeito Rodrigo Manga; a primeira-dama e presidente do Fundo Social de Solidariedade (FSS), Sirlange Frate Maganhato; a secret\u00e1ria da Mulher, Ros\u00e2ngela Perecini; a secret\u00e1ria de Governo (Segov), Samyra Toledo; a secret\u00e1ria da Cidadania (Secid), Ana Cl\u00e1udia Fauaz; o secret\u00e1rio de Seguran\u00e7a P\u00fablica, Jo\u00e3o Aberto Corr\u00eaa Maia; o secret\u00e1rio de Comunica\u00e7\u00e3o (Secom), Lucas Pedrozo; vereadores da C\u00e2mara Municipal de Sorocaba, Jussara Fernandes, Cl\u00e1udio Sorocaba, Caio Oliveira, Jo\u00e3o Donizetti, F\u00e1bio Simoa, Fausto Peres, P\u00e9ricles R\u00e9gis, Henri Arida, C\u00edcero Jo\u00e3o, Rog\u00e9rio Marques e o presidente da C\u00e2mara, Lu\u00eds Santos. Tamb\u00e9m estiveram presentes, a deputada estadual Maria L\u00facia Amary (PSDB), entre outras autoridades, muitos moradores, vindos de v\u00e1rios bairros, e membros da fam\u00edlia da homenageada, entre os quais, sua filha Marinna Ferreira, sua irm\u00e3 Karen Macedo, seu irm\u00e3o, pastor Belchior Martins da Costa Jr. e o vi\u00favo bispo Samuel Ferreira, que receberam votos de Congratula\u00e7\u00f5es da Prefeitura. <\/span><\/span><\/p>\n<p align=\"justify\"><span style=\"color: #30333c;\">\u201c<span style=\"font-family: Arial, sans-serif;\">O munic\u00edpio aguardava, por mais de 25 anos por uma Secretaria da Mulher, portanto, n\u00e3o tem como n\u00e3o se emocionar com uma entrega como essa. Estamos articulados e recebendo o apoio de todas as outras secretarias, al\u00e9m de uma rede de prote\u00e7\u00e3o importante para as mulheres, como a Guarda Civil Municipal (GCM), as Pol\u00edcias Civil e Militar, a Delegacia de Defesa da Mulher (DDM), entre outros \u00f3rg\u00e3os. Mas o cuidado que temos como miss\u00e3o oferecer \u00e0s mulheres vai muito al\u00e9m da aten\u00e7\u00e3o e preven\u00e7\u00e3o \u00e0 viol\u00eancia contra a mulher. Tamb\u00e9m queremos contribuir com as pautas de Educa\u00e7\u00e3o, Sa\u00fade, Empreendedorismo e Cidadania. E vemos que todos t\u00eam abra\u00e7ado essas pautas no munic\u00edpio\u201d, afirmou a secret\u00e1ria Ros\u00e2ngela.<\/span><\/span><\/p>\n<p align=\"justify\"><span style=\"color: #30333c;\">\u201c<span style=\"font-family: Arial, sans-serif;\">Gerar autonomia para a mulher \u00e9 um processo importante para a mulher ser feliz. E, conversando com a secret\u00e1ria da Mulher, definimos que \u00e9 essencial que nenhuma saia dessa secretaria, sem uma solu\u00e7\u00e3o, acolhimento e orienta\u00e7\u00e3o. Esse \u00e9 um protocolo que precisa ser adotado\u201d, considerou a primeira-dama Sirlange. Ela tamb\u00e9m agradeceu aos vereadores que estiveram lado a lado com o Poder Executivo e, com emendas impositivas, destinaram os recursos necess\u00e1rios para materializar o projeto de construir no munic\u00edpio a Secretaria da Mulher. Durante o evento, tamb\u00e9m foram inaugurados o Mercado Solid\u00e1rio e a Loja Solid\u00e1ria, que dever\u00e3o funcionar em parceria com o Fundo Social de Solidariedade.<\/span><\/span><\/p>\n<p align=\"justify\"><span style=\"color: #30333c;\"><span style=\"font-family: Arial, sans-serif;\">Depois foi descerrada a fita comemorativa, dando acesso \u00e0s instala\u00e7\u00f5es da secretaria. Tamb\u00e9m participaram desse momento autoridades vindas de outros munic\u00edpios, como a vice-prefeita e secret\u00e1ria da Mulher de Barueri, Dra. Cl\u00e1udia Marques, o prefeito do munic\u00edpio de Maragogi, do estado de Alagoas, Dani, e o vereador da cidade de S\u00e3o Paulo, Jo\u00e3o Jorge, presidente da C\u00e2mara paulistana.<\/span><\/span><\/p>\n<p><!-- Root element of PhotoSwipe. Must have class pswp. --><\/p>\n<\/div>\n","protected":false},"excerpt":{"rendered":"<p>Fotos: Michelle Alves A Prefeitura de Sorocaba inaugurou, na tarde desta segunda-feira (31), a sede da Secretaria da Mulher (Semul),<\/p>\n","protected":false},"author":1,"featured_media":0,"comment_status":"","ping_status":"","sticky":false,"template":"","format":"standard","meta":{"colormag_page_container_layout":"default_layout","colormag_page_sidebar_layout":"default_layout","footnotes":""},"categories":[1],"tags":[],"class_list":["post-45585","post","type-post","status-publish","format-standard","hentry","category-sem-categoria"],"_links":{"self":[{"href":"https:\/\/euvivoaselecao.com.br\/index.php\/wp-json\/wp\/v2\/posts\/45585","targetHints":{"allow":["GET"]}}],"collection":[{"href":"https:\/\/euvivoaselecao.com.br\/index.php\/wp-json\/wp\/v2\/posts"}],"about":[{"href":"https:\/\/euvivoaselecao.com.br\/index.php\/wp-json\/wp\/v2\/types\/post"}],"author":[{"embeddable":true,"href":"https:\/\/euvivoaselecao.com.br\/index.php\/wp-json\/wp\/v2\/users\/1"}],"replies":[{"embeddable":true,"href":"https:\/\/euvivoaselecao.com.br\/index.php\/wp-json\/wp\/v2\/comments?post=45585"}],"version-history":[{"count":0,"href":"https:\/\/euvivoaselecao.com.br\/index.php\/wp-json\/wp\/v2\/posts\/45585\/revisions"}],"wp:attachment":[{"href":"https:\/\/euvivoaselecao.com.br\/index.php\/wp-json\/wp\/v2\/media?parent=45585"}],"wp:term":[{"taxonomy":"category","embeddable":true,"href":"https:\/\/euvivoaselecao.com.br\/index.php\/wp-json\/wp\/v2\/categories?post=45585"},{"taxonomy":"post_tag","embeddable":true,"href":"https:\/\/euvivoaselecao.com.br\/index.php\/wp-json\/wp\/v2\/tags?post=45585"}],"curies":[{"name":"wp","href":"https:\/\/api.w.org\/{rel}","templated":true}]}}