{"id":48670,"date":"2025-05-01T14:08:03","date_gmt":"2025-05-01T17:08:03","guid":{"rendered":"https:\/\/euvivoaselecao.com.br\/index.php\/2025\/05\/01\/rio-niteroi-2031-propoe-jogos-para-unir-o-continente-e-desenvolver-os-esportes-nas-americas-prefeitura-da-cidade-do-rio-de-janeiro\/"},"modified":"2025-05-01T14:08:03","modified_gmt":"2025-05-01T17:08:03","slug":"rio-niteroi-2031-propoe-jogos-para-unir-o-continente-e-desenvolver-os-esportes-nas-americas-prefeitura-da-cidade-do-rio-de-janeiro","status":"publish","type":"post","link":"https:\/\/euvivoaselecao.com.br\/index.php\/2025\/05\/01\/rio-niteroi-2031-propoe-jogos-para-unir-o-continente-e-desenvolver-os-esportes-nas-americas-prefeitura-da-cidade-do-rio-de-janeiro\/","title":{"rendered":"Rio-Niter\u00f3i 2031 prop\u00f5e Jogos para unir o continente e desenvolver os esportes nas Am\u00e9ricas &#8211; Prefeitura da Cidade do Rio de Janeiro"},"content":{"rendered":"<p><\/p>\n<div wp_automatic_readability=\"94.500934176487\">\n<div class=\"image-post\" wp_automatic_readability=\"33\">\n                     A Panam Sports oficializou nesta quinta-feira (01\/05) a candidatura conjunta das cidades do Rio de Janeiro e de Niter\u00f3i. Arte: Divulga\u00e7\u00e3o                  <\/div>\n<p>Unir as Am\u00e9ricas por meio do Esporte e promover o desenvolvimento esportivo em todo o continente s\u00e3o os pilares que fundamentaram a candidatura conjunta das cidades do Rio de Janeiro e de Niter\u00f3i na disputa pela sede dos XXI Jogos Pan-Americanos e IX Parapan-Americanos 2031. O exitoso planejamento dos Jogos Ol\u00edmpicos e Paral\u00edmpicos 2016 serviu de base para a elabora\u00e7\u00e3o do dossi\u00ea entregue \u00e0 Organiza\u00e7\u00e3o Desportiva Pan-Americana (Panam Sports), com o compromisso de realizar um evento de baixo custo, sem elefantes-brancos e com legados que reverberem continentalmente.<\/p>\n<blockquote wp_automatic_readability=\"15\">\n<p>\u2013 A nossa experi\u00eancia na organiza\u00e7\u00e3o de Jogos Ol\u00edmpicos e Paral\u00edmpicos, com certeza, nos ajuda. Mas tamb\u00e9m queremos aprender com todas as na\u00e7\u00f5es das Am\u00e9ricas, ouvir sugest\u00f5es e partilhar conhecimentos. Dessa maneira, organizaremos Jogos grandiosos n\u00e3o s\u00f3 para os cariocas, para o povo brasileiro, mas tamb\u00e9m para todos no continente \u2013 afirmou o prefeito do Rio de Janeiro, Eduardo Paes.<\/p>\n<\/blockquote>\n<p>Para cumprir o prop\u00f3sito de trocar conhecimentos e ampliar a base de profissionais esportivos, um dos legados de Rio-Niter\u00f3i 2031 ser\u00e1 o investimento em interc\u00e2mbios e forma\u00e7\u00e3o t\u00e9cnica de pessoas entre os pa\u00edses do continente. Uma parceria que envolver\u00e1 o Comit\u00ea Rio-2031, o Comit\u00ea Ol\u00edmpico do Brasil (COB), o Comit\u00ea Paral\u00edmpico Brasileiro (CPB), as Confedera\u00e7\u00f5es esportivas brasileiras, al\u00e9m dos demais comit\u00eas nacionais das Am\u00e9ricas. Um trabalho que tamb\u00e9m incluir\u00e1 a revela\u00e7\u00e3o e capacita\u00e7\u00e3o de atletas de alto rendimento, via Vilas Ol\u00edmpicas e os Gin\u00e1sios Educacionais Ol\u00edmpicos, projeto que atualmente atende a mais de seis mil alunos em suas 12 escolas e ser\u00e1 ampliado.<\/p>\n<p>A tradi\u00e7\u00e3o de Niter\u00f3i em revelar talentos e a expertise de o Rio organizar grande eventos se complementam e s\u00e3o uma garantia para o sucesso do PAN 2031, que tem seu calend\u00e1rio inicial de Esportes formado por 38 modalidades distribu\u00eddas por 57 disciplinas. Pela proposta apresentada \u00e0 Panam Sports, a Cerim\u00f4nia de Abertura dos Jogos Pan-Americanos est\u00e1 marcada para ocorrer em 8 de agosto e a de Encerramento, 24 de agosto. J\u00e1 os Jogos Parapan-Americanos come\u00e7ar\u00e3o no dia 7 de setembro com t\u00e9rmino em 16 de setembro.<\/p>\n<blockquote wp_automatic_readability=\"13\">\n<p>\u2015 Teremos um legado de infraestrutura urbana, esporte e mobilidade que vai ultrapassar as cidades-sede e se estender para toda a Regi\u00e3o Metropolitana. Antes mesmo dos Jogos Pan-Americanos, lan\u00e7aremos o Time Rio-Niter\u00f3i, um programa de apoio aos atletas que tem o apoio do Comit\u00ea Ol\u00edmpico Brasileiro e engloba todo o Estado do Rio. Al\u00e9m disso, vamos fazer cinco Gin\u00e1sios Educacionais Ol\u00edmpicos em Niter\u00f3i \u2015 ressaltou o prefeito de Niter\u00f3i, Rodrigo Neves.<\/p>\n<\/blockquote>\n<p>Os esportes foram distribu\u00eddos por cinco zonas: Barra, Copacabana, Deodoro, Porto Maravilha e Niter\u00f3i. A divis\u00e3o dos esportes entre as cidades levou em considera\u00e7\u00e3o dois fatores fundamentais. Al\u00e9m da voca\u00e7\u00e3o de Rio de Janeiro e Niter\u00f3i, a exist\u00eancia de instala\u00e7\u00f5es ol\u00edmpicas na capital fluminense \u00e9 uma caracter\u00edstica que contribuiu n\u00e3o s\u00f3 para a realiza\u00e7\u00e3o de provas em n\u00edvel m\u00e1ximo de excel\u00eancia, como tamb\u00e9m para evitar o desperd\u00edcio de recursos com a constru\u00e7\u00e3o de novos equipamentos sem necessidade.<\/p>\n<p>Todas as provas v\u00e3o ocorrer a no m\u00e1ximo 40 minutos de dist\u00e2ncia da Vila Pan-Americana, situada na Zona Portu\u00e1ria. Exce\u00e7\u00e3o para o futebol que, al\u00e9m do Maracan\u00e3, ter\u00e1 por sedes: Belo Horizonte (Est\u00e1dio Mineir\u00e3o), Bras\u00edlia (Est\u00e1dio Man\u00e9 Garrincha), Salvador (Arena Fonte Nova) e S\u00e3o Paulo (Arena Itaquera).<\/p>\n<p>A vila dos atletas ser\u00e1 formada por sete torres residenciais, com 2.083 apartamentos de dois e tr\u00eas quartos para atender a 7.500 atletas e 2.800 oficiais.<\/p>\n<p>A vice-prefeita de Niter\u00f3i, Isabel Swan, traz sua experi\u00eancia como atleta de alto rendimento para o projeto \u2013 ela foi a primeira mulher brasileira a conquistar uma medalha ol\u00edmpica na vela, o bronze em Pequim-2008, junto com Fernanda Oliveira, e atualmente preside a Comiss\u00e3o de Atletas da Panam Sports.<\/p>\n<blockquote wp_automatic_readability=\"10\">\n<p>\u2015 S\u00e3o muitas milhas navegadas, tr\u00eas Olimp\u00edadas e uma medalha. Estamos muito confiantes com a candidatura Rio-Niter\u00f3i. O esporte faz parte da nossa vida e \u00e9 fundamental para formar cidad\u00e3os. Ser a sede de um evento como os Jogos Pan-Americanos traz investimentos e deixa um legado que oferece n\u00e3o s\u00f3 estrutura para quem j\u00e1 \u00e9 atleta, mas estimula as gera\u00e7\u00f5es futuras \u2015 disse a vice-prefeita de Niter\u00f3i.<\/p>\n<\/blockquote>\n<p>Os legados de instala\u00e7\u00f5es e infraestrutura deixados pelos Jogos Ol\u00edmpicos e Paral\u00edmpicos de 2016 e os Jogos Pan-Americanos e Parapan-Americanos de 2007 permitiram que a candidatura Rio-Niter\u00f3i otimizasse os investimentos na proposta para realizar as competi\u00e7\u00f5es de 2031. A previs\u00e3o \u00e9 a de que sejam investidos cerca de R$ 3,8 bilh\u00f5es (US$ 667 milh\u00f5es) para a realiza\u00e7\u00e3o do evento, com a maior parte dos recursos obtidos via iniciativa privada.<\/p>\n<blockquote wp_automatic_readability=\"11\">\n<p>\u2013 Os Jogos Ol\u00edmpicos e Paral\u00edmpicos de 2016 nos deram a f\u00f3rmula para organizar um grande evento: nenhum desperd\u00edcio de recurso p\u00fablico, muita parceria com a iniciativa privada para investimentos, instala\u00e7\u00f5es esportivas eficientes e o maior n\u00famero de legados poss\u00edvel. E o nosso projeto de candidatura segue \u00e0 risca essa receita \u2013 destacou o secret\u00e1rio municipal de Esportes, Guilherme Schleder.<\/p>\n<\/blockquote>\n<p>Confirmada candidatura, Rio-Niter\u00f3i 2031 dar\u00e1 in\u00edcio a sua campanha internacional em busca dos votos. O col\u00e9gio eleitoral da Panam Sports \u00e9 formado por um total de 41 Comit\u00ea Ol\u00edmpicos Nacionais que totalizam 53 votos \u2013 pa\u00edses que j\u00e1 organizaram a competi\u00e7\u00e3o t\u00eam direito a dar dois votos.<\/p>\n<blockquote wp_automatic_readability=\"10\">\n<p>\u2013 O Movimento Ol\u00edmpico Brasileiro j\u00e1 havia referendado essa candidatura. Iniciamos uma gest\u00e3o que trabalha para ajudar a transformar o Brasil numa Na\u00e7\u00e3o Esportiva, onde a pr\u00e1tica esportiva esteja cada vez mais enraizada na sociedade. E ter grandes eventos em nosso pa\u00eds s\u00f3 refor\u00e7a isso. Temos certeza que Rio e Niter\u00f3i far\u00e3o uma grande edi\u00e7\u00e3o de Pan e o COB dar\u00e1 todo seu apoio para que a candidatura seja escolhida \u2013 frisou o presidente do Comit\u00ea Ol\u00edmpico do Brasil (COB), Marco La Porta.<\/p>\n<\/blockquote>\n<p>             <!-- Compartilhe ---><\/p>\n<p>\t\t\t <!-- TAGS --><\/p>\n<section class=\"category-tags\">\n<div class=\"marcacao-category\">\n<article class=\"category-post\">\n<p>Categoria: <\/p>\n<\/article>\n<li>1 de maio de 2025<\/li><\/div>\n<article class=\"tags\">\n\t\t\t\t\tMarca\u00e7\u00f5es: jogos ol\u00edmpicos Jogos Pan-Americanos de 2031 Jogos Parapan-Americanos 2031 Niter\u00f3i Time Rio Ol\u00edmpico<br \/><\/article>\n<\/section>\n<p>            <!-- Mais Not&iacute;cias --><\/p>\n<p>\t\t<!-- Conte&uacute;do SIDEBAR --><\/p><\/div>\n","protected":false},"excerpt":{"rendered":"<p>A Panam Sports oficializou nesta quinta-feira (01\/05) a candidatura conjunta das cidades do Rio de Janeiro e de Niter\u00f3i. Arte:<\/p>\n","protected":false},"author":1,"featured_media":0,"comment_status":"","ping_status":"","sticky":false,"template":"","format":"standard","meta":{"colormag_page_container_layout":"default_layout","colormag_page_sidebar_layout":"default_layout","footnotes":""},"categories":[1],"tags":[],"class_list":["post-48670","post","type-post","status-publish","format-standard","hentry","category-sem-categoria"],"_links":{"self":[{"href":"https:\/\/euvivoaselecao.com.br\/index.php\/wp-json\/wp\/v2\/posts\/48670","targetHints":{"allow":["GET"]}}],"collection":[{"href":"https:\/\/euvivoaselecao.com.br\/index.php\/wp-json\/wp\/v2\/posts"}],"about":[{"href":"https:\/\/euvivoaselecao.com.br\/index.php\/wp-json\/wp\/v2\/types\/post"}],"author":[{"embeddable":true,"href":"https:\/\/euvivoaselecao.com.br\/index.php\/wp-json\/wp\/v2\/users\/1"}],"replies":[{"embeddable":true,"href":"https:\/\/euvivoaselecao.com.br\/index.php\/wp-json\/wp\/v2\/comments?post=48670"}],"version-history":[{"count":0,"href":"https:\/\/euvivoaselecao.com.br\/index.php\/wp-json\/wp\/v2\/posts\/48670\/revisions"}],"wp:attachment":[{"href":"https:\/\/euvivoaselecao.com.br\/index.php\/wp-json\/wp\/v2\/media?parent=48670"}],"wp:term":[{"taxonomy":"category","embeddable":true,"href":"https:\/\/euvivoaselecao.com.br\/index.php\/wp-json\/wp\/v2\/categories?post=48670"},{"taxonomy":"post_tag","embeddable":true,"href":"https:\/\/euvivoaselecao.com.br\/index.php\/wp-json\/wp\/v2\/tags?post=48670"}],"curies":[{"name":"wp","href":"https:\/\/api.w.org\/{rel}","templated":true}]}}