{"id":48737,"date":"2025-05-02T14:26:32","date_gmt":"2025-05-02T17:26:32","guid":{"rendered":"https:\/\/euvivoaselecao.com.br\/index.php\/2025\/05\/02\/embalado-sao-jose-futsal-volta-a-quadra-neste-sabado-pela-lff\/"},"modified":"2025-05-02T14:26:32","modified_gmt":"2025-05-02T17:26:32","slug":"embalado-sao-jose-futsal-volta-a-quadra-neste-sabado-pela-lff","status":"publish","type":"post","link":"https:\/\/euvivoaselecao.com.br\/index.php\/2025\/05\/02\/embalado-sao-jose-futsal-volta-a-quadra-neste-sabado-pela-lff\/","title":{"rendered":"Embalado, S\u00e3o Jos\u00e9 Futsal volta \u00e0 quadra neste s\u00e1bado pela LFF"},"content":{"rendered":"<p><\/p>\n<div>\n<p><b>Nei Jos\u00e9 Sant&#8217;Anna<\/b><br \/>&#13;<br \/>\n&#13;<br \/>\n                <span style=\"font-weight: bold;\">Secretaria de Esporte e Qualidade de Vida<\/span><\/p>\n<p>O S\u00e3o Jos\u00e9 Futsal Feminino enfrenta o Stein-Cascavel neste s\u00e1bado (3) pela Liga de Futsal Feminino (LFF), a partir das 19h, no gin\u00e1sio do T\u00eanis Clube, com entrada gratuita para o p\u00fablico. Ser\u00e1 o terceiro compromisso da equipe joseense na competi\u00e7\u00e3o, o segundo em casa.<\/p>\n<p>O S\u00e3o Jos\u00e9 vem embalado pela vit\u00f3ria por 3 a 1 no \u00faltimo s\u00e1bado (26) sobre o APCEF-SE, em Aracaju-SE, quando conquistou a primeiro triunfo no torneio, com gols de Ligia, Ananda e Vanessinha.<\/p>\n<p>Na estreia, o time joseense empatou por 2 a 2 diante do Tel\u00eamaco Borba, no gin\u00e1sio do T\u00eanis Clube, no dia 12 de abril.<\/p>\n<\/p>\n<p><span class=\"intertitulo\"><strong>Copa do Brasil<\/strong><\/span><\/p>\n<p>Paralelamente \u00e0 LFF, o S\u00e3o Jos\u00e9 vai disputar a Copa do Brasil, que\u00a0ter\u00e1 15 equipes participantes nesta temporada e ser\u00e1 disputada no sistema eliminat\u00f3rio.<\/p>\n<p>A estreia no torneio seria nesta quinta-feira (1), diante do Praia Clube-MG, em Uberl\u00e2ndia, mas a Confedera\u00e7\u00e3o Brasileira de Futsal transferiu o in\u00edcio da competi\u00e7\u00e3o. A rodada de ida ser\u00e1 entre os dias 10 e 18 de junho e a de volta entre 27 de junho e 5 de julho.<\/p>\n<p>A rodada de ida oitavas de final, ainda sem data definida, ter\u00e1 7 jogos: Tel\u00eamaco Borba (PR) x Tabo\u00e3o Magnus (SP), Praia Clube (MG) x S\u00e3o Jos\u00e9 Futsal (SP), SERC (MS) x Marechal (PR),\u00a0 Leoas da Serra (SC) x Malgi (RS), Furac\u00e3o (TO) x ADEF (DF), Serra Talhada (PE) x Sports LEM (BA), Clube Resenhas (GO) x DEC (MS).<\/p>\n<p>O Gazin Porto Velho tamb\u00e9m marca presen\u00e7a na competi\u00e7\u00e3o, mas o time de Rond\u00f4nia entrar\u00e1 diretamente nas quartas de final.<\/p>\n<p>\u00a0<\/p>\n<p>&#13;<br \/>\n                        <strong>MAIS NOT\u00cdCIAS<\/strong><br \/>&#13;<br \/>\n                        Secretaria de Esporte e Qualidade de Vida&#13;\n                    <\/p>\n<\/p><\/div>\n","protected":false},"excerpt":{"rendered":"<p>Nei Jos\u00e9 Sant&#8217;Anna&#13; &#13; Secretaria de Esporte e Qualidade de Vida O S\u00e3o Jos\u00e9 Futsal Feminino enfrenta o Stein-Cascavel neste<\/p>\n","protected":false},"author":1,"featured_media":0,"comment_status":"","ping_status":"","sticky":false,"template":"","format":"standard","meta":{"colormag_page_container_layout":"default_layout","colormag_page_sidebar_layout":"default_layout","footnotes":""},"categories":[1],"tags":[],"class_list":["post-48737","post","type-post","status-publish","format-standard","hentry","category-sem-categoria"],"_links":{"self":[{"href":"https:\/\/euvivoaselecao.com.br\/index.php\/wp-json\/wp\/v2\/posts\/48737","targetHints":{"allow":["GET"]}}],"collection":[{"href":"https:\/\/euvivoaselecao.com.br\/index.php\/wp-json\/wp\/v2\/posts"}],"about":[{"href":"https:\/\/euvivoaselecao.com.br\/index.php\/wp-json\/wp\/v2\/types\/post"}],"author":[{"embeddable":true,"href":"https:\/\/euvivoaselecao.com.br\/index.php\/wp-json\/wp\/v2\/users\/1"}],"replies":[{"embeddable":true,"href":"https:\/\/euvivoaselecao.com.br\/index.php\/wp-json\/wp\/v2\/comments?post=48737"}],"version-history":[{"count":0,"href":"https:\/\/euvivoaselecao.com.br\/index.php\/wp-json\/wp\/v2\/posts\/48737\/revisions"}],"wp:attachment":[{"href":"https:\/\/euvivoaselecao.com.br\/index.php\/wp-json\/wp\/v2\/media?parent=48737"}],"wp:term":[{"taxonomy":"category","embeddable":true,"href":"https:\/\/euvivoaselecao.com.br\/index.php\/wp-json\/wp\/v2\/categories?post=48737"},{"taxonomy":"post_tag","embeddable":true,"href":"https:\/\/euvivoaselecao.com.br\/index.php\/wp-json\/wp\/v2\/tags?post=48737"}],"curies":[{"name":"wp","href":"https:\/\/api.w.org\/{rel}","templated":true}]}}