{"id":48767,"date":"2025-05-02T22:56:41","date_gmt":"2025-05-03T01:56:41","guid":{"rendered":"https:\/\/euvivoaselecao.com.br\/index.php\/2025\/05\/02\/capacitacao-de-conferencia-de-assistencia-social-abre-inscricoes\/"},"modified":"2025-05-02T22:56:41","modified_gmt":"2025-05-03T01:56:41","slug":"capacitacao-de-conferencia-de-assistencia-social-abre-inscricoes","status":"publish","type":"post","link":"https:\/\/euvivoaselecao.com.br\/index.php\/2025\/05\/02\/capacitacao-de-conferencia-de-assistencia-social-abre-inscricoes\/","title":{"rendered":"Capacita\u00e7\u00e3o de Confer\u00eancia de Assist\u00eancia Social abre inscri\u00e7\u00f5es"},"content":{"rendered":"<p><\/p>\n<div>\n<p><b>Cl\u00e1udio Souza<\/b><br \/>&#13;<br \/>\n&#13;<br \/>\n                <span style=\"font-weight: bold;\">Secretaria de Apoio Social ao Cidad\u00e3o<\/span><\/p>\n<p>A Prefeitura de S\u00e3o Jos\u00e9 dos Campos abre nesta segunda-feira (5) as inscri\u00e7\u00f5es para capacita\u00e7\u00e3o t\u00e9cnica preparat\u00f3ria para a 14\u00aa Confer\u00eancia Municipal de Assist\u00eancia Social.<\/p>\n<p>As inscri\u00e7\u00f5es podem ser feitas at\u00e9 o pr\u00f3ximo dia 13 de maio (ter\u00e7a-feira) pelo link. Foram disponibilizadas 150 vagas.<\/p>\n<p>A capacita\u00e7\u00e3o ser\u00e1 realizada no pr\u00f3ximo dia 15 de maio (quinta-feira), das 8h \u00e0s 12h, no Cefe (Centro de Forma\u00e7\u00e3o do Educador), localizado na avenida Olivo Gomes, 250, em Santana, na regi\u00e3o norte.<\/p>\n<p>As palestras ser\u00e3o ministradas abordando o tema da confer\u00eancia, que \u00e9 \u201c20 anos do Suas: Constru\u00e7\u00e3o, Prote\u00e7\u00e3o Social e Resist\u00eancia&#8221;.<\/p>\n<p>O p\u00fablico-alvo s\u00e3o servidores municipais e representantes de entidades parceiras da Prefeitura que atuam na rede socioassistencial do munic\u00edpio.<\/p>\n<p><span class=\"intertitulo\">Apoio social<\/span><\/p>\n<p>S\u00e3o Jos\u00e9 dos Campos tem uma ampla e bem estruturada rede de apoio social, prote\u00e7\u00e3o e garantia de direitos para quem mais precisa, com a\u00e7\u00f5es ao longo de todo o ano em parceria com o CMAS (Conselho Municipal de Assist\u00eancia Social).<\/p>\n<p>Entre os servi\u00e7os oferecidos, destaque para as rondas sociais 24 horas e acolhimento humanizado para moradores em situa\u00e7\u00e3o de rua em abrigos com equipes multidisciplinares e infraestrutura completa.<\/p>\n<p>A Prefeitura disponibiliza nove\u00a0Cras (Centros de Refer\u00eancia de Assist\u00eancia Social), que s\u00e3o as portas de entrada para o acesso dos mun\u00edcipes a benef\u00edcios sociais municipais, estaduais e federais.<\/p>\n<p>A rede de apoio social tamb\u00e9m conta com tr\u00eas Creas (Centros de Refer\u00eancia Especializados de Assist\u00eancia Social), com equipe multidisciplinar para atendimento de quem teve seus direitos violados.<\/p>\n<p>Por meio da Secretaria de Apoio Social ao Cidad\u00e3o, a Prefeitura mant\u00e9m ainda 55 conv\u00eanios com OSCs (Organiza\u00e7\u00f5es da Sociedade Civil Organizada) para oferecimento de servi\u00e7os sociais nos bairros, ampliando as op\u00e7\u00f5es de assist\u00eancia e oferecendo op\u00e7\u00f5es de lazer. Por m\u00eas, atualmente s\u00e3o realizados 11 mil atendimentos.<\/p>\n<p>&#13;<br \/>\n                        <strong>MAIS NOT\u00cdCIAS<\/strong><br \/>&#13;<br \/>\n                        Secretaria de Apoio Social ao Cidad\u00e3o&#13;\n                    <\/p>\n<\/p><\/div>\n","protected":false},"excerpt":{"rendered":"<p>Cl\u00e1udio Souza&#13; &#13; Secretaria de Apoio Social ao Cidad\u00e3o A Prefeitura de S\u00e3o Jos\u00e9 dos Campos abre nesta segunda-feira (5)<\/p>\n","protected":false},"author":1,"featured_media":0,"comment_status":"","ping_status":"","sticky":false,"template":"","format":"standard","meta":{"colormag_page_container_layout":"default_layout","colormag_page_sidebar_layout":"default_layout","footnotes":""},"categories":[1],"tags":[],"class_list":["post-48767","post","type-post","status-publish","format-standard","hentry","category-sem-categoria"],"_links":{"self":[{"href":"https:\/\/euvivoaselecao.com.br\/index.php\/wp-json\/wp\/v2\/posts\/48767","targetHints":{"allow":["GET"]}}],"collection":[{"href":"https:\/\/euvivoaselecao.com.br\/index.php\/wp-json\/wp\/v2\/posts"}],"about":[{"href":"https:\/\/euvivoaselecao.com.br\/index.php\/wp-json\/wp\/v2\/types\/post"}],"author":[{"embeddable":true,"href":"https:\/\/euvivoaselecao.com.br\/index.php\/wp-json\/wp\/v2\/users\/1"}],"replies":[{"embeddable":true,"href":"https:\/\/euvivoaselecao.com.br\/index.php\/wp-json\/wp\/v2\/comments?post=48767"}],"version-history":[{"count":0,"href":"https:\/\/euvivoaselecao.com.br\/index.php\/wp-json\/wp\/v2\/posts\/48767\/revisions"}],"wp:attachment":[{"href":"https:\/\/euvivoaselecao.com.br\/index.php\/wp-json\/wp\/v2\/media?parent=48767"}],"wp:term":[{"taxonomy":"category","embeddable":true,"href":"https:\/\/euvivoaselecao.com.br\/index.php\/wp-json\/wp\/v2\/categories?post=48767"},{"taxonomy":"post_tag","embeddable":true,"href":"https:\/\/euvivoaselecao.com.br\/index.php\/wp-json\/wp\/v2\/tags?post=48767"}],"curies":[{"name":"wp","href":"https:\/\/api.w.org\/{rel}","templated":true}]}}