{"id":48810,"date":"2025-05-03T10:53:46","date_gmt":"2025-05-03T13:53:46","guid":{"rendered":"https:\/\/euvivoaselecao.com.br\/index.php\/2025\/05\/03\/jorge-jesus-deixa-o-comando-do-al-hilal-2\/"},"modified":"2025-05-03T10:53:46","modified_gmt":"2025-05-03T13:53:46","slug":"jorge-jesus-deixa-o-comando-do-al-hilal-2","status":"publish","type":"post","link":"https:\/\/euvivoaselecao.com.br\/index.php\/2025\/05\/03\/jorge-jesus-deixa-o-comando-do-al-hilal-2\/","title":{"rendered":"Jorge Jesus deixa o comando do Al-Hilal"},"content":{"rendered":"<p><\/p>\n<div wp_automatic_readability=\"26.551004016064\">\n<p>O Al-Hilal (Ar\u00e1bia Saudita) anunciou nesta sexta-feira (2) a rescis\u00e3o de contrato com o t\u00e9cnico portugu\u00eas Jorge Jesus, que \u00e9 cotado para assumir o comando da sele\u00e7\u00e3o brasileira ap\u00f3s a sa\u00edda de Dorival J\u00fanior.<\/p>\n<blockquote class=\"twitter-tweet\" wp_automatic_readability=\"5.1730103806228\">\n<p dir=\"ltr\" lang=\"en\" xml:lang=\"en\">\ud83d\udcc4 Al-Hilal and Jesus agree to terminate the contractual relationship \ud83d\udd37 <a href=\"https:\/\/t.co\/83YT3DLrtt\" target=\"_blank\">pic.twitter.com\/83YT3DLrtt<\/a><\/p>\n<p>\u2014 AlHilal Saudi Club (@Alhilal_EN) <a href=\"https:\/\/twitter.com\/Alhilal_EN\/status\/1918432925017903601?ref_src=twsrc%5Etfw\" target=\"_blank\" rel=\"noopener\">May 2, 2025<\/a><\/p>\n<p><strong>Pipeline volta a sediar a etapa final do Circuito Mundial de Surfe<\/strong><\/p>\n<p><strong>TV Brasil exibe jogos do Brasileir\u00e3o Feminino nesta quarta e na quinta<\/strong><\/p>\n<\/blockquote>\n<p>A equipe saudita decidiu encerrar o v\u00ednculo com Jorge Jesus ap\u00f3s ser desclassificada da Liga dos Campe\u00f5es da \u00c1sia, ap\u00f3s uma derrota para Al-Ahli, tamb\u00e9m da Ar\u00e1bia Saudita. \u201cO Conselho de Administra\u00e7\u00e3o do Al-Hilal Club Company entrou em acordo com o t\u00e9cnico portugu\u00eas Jorge Jesus pela rescis\u00e3o de contrato\u201d, informou o Al-Hilal.<\/p>\n<p>A sele\u00e7\u00e3o brasileira est\u00e1 em meio \u00e0 procura por um novo comandante ap\u00f3s a demiss\u00e3o do t\u00e9cnico Dorival J\u00fanior em mar\u00e7o deste ano. Entre os nomes cotados para assumir a equipe nacional do Brasil est\u00e3o o portugu\u00eas Jorge Jesus, o italiano Carlo Ancelotti, atual comendante do Real Madrid (Espanha), e o portugu\u00eas Abel Ferreira, do Palmeiras.<\/p>\n<\/div>\n<p><script async src=\"\/\/platform.twitter.com\/widgets.js\" charset=\"utf-8\"><\/script><\/p>\n","protected":false},"excerpt":{"rendered":"<p>O Al-Hilal (Ar\u00e1bia Saudita) anunciou nesta sexta-feira (2) a rescis\u00e3o de contrato com o t\u00e9cnico portugu\u00eas Jorge Jesus, que \u00e9<\/p>\n","protected":false},"author":1,"featured_media":0,"comment_status":"","ping_status":"","sticky":false,"template":"","format":"standard","meta":{"colormag_page_container_layout":"default_layout","colormag_page_sidebar_layout":"default_layout","footnotes":""},"categories":[1],"tags":[],"class_list":["post-48810","post","type-post","status-publish","format-standard","hentry","category-sem-categoria"],"_links":{"self":[{"href":"https:\/\/euvivoaselecao.com.br\/index.php\/wp-json\/wp\/v2\/posts\/48810","targetHints":{"allow":["GET"]}}],"collection":[{"href":"https:\/\/euvivoaselecao.com.br\/index.php\/wp-json\/wp\/v2\/posts"}],"about":[{"href":"https:\/\/euvivoaselecao.com.br\/index.php\/wp-json\/wp\/v2\/types\/post"}],"author":[{"embeddable":true,"href":"https:\/\/euvivoaselecao.com.br\/index.php\/wp-json\/wp\/v2\/users\/1"}],"replies":[{"embeddable":true,"href":"https:\/\/euvivoaselecao.com.br\/index.php\/wp-json\/wp\/v2\/comments?post=48810"}],"version-history":[{"count":0,"href":"https:\/\/euvivoaselecao.com.br\/index.php\/wp-json\/wp\/v2\/posts\/48810\/revisions"}],"wp:attachment":[{"href":"https:\/\/euvivoaselecao.com.br\/index.php\/wp-json\/wp\/v2\/media?parent=48810"}],"wp:term":[{"taxonomy":"category","embeddable":true,"href":"https:\/\/euvivoaselecao.com.br\/index.php\/wp-json\/wp\/v2\/categories?post=48810"},{"taxonomy":"post_tag","embeddable":true,"href":"https:\/\/euvivoaselecao.com.br\/index.php\/wp-json\/wp\/v2\/tags?post=48810"}],"curies":[{"name":"wp","href":"https:\/\/api.w.org\/{rel}","templated":true}]}}