{"id":48889,"date":"2025-05-04T19:47:41","date_gmt":"2025-05-04T22:47:41","guid":{"rendered":"https:\/\/euvivoaselecao.com.br\/index.php\/2025\/05\/04\/edmundo-elogia-o-palmeiras-antes-do-jogo-contra-o-vasco\/"},"modified":"2025-05-04T19:47:41","modified_gmt":"2025-05-04T22:47:41","slug":"edmundo-elogia-o-palmeiras-antes-do-jogo-contra-o-vasco","status":"publish","type":"post","link":"https:\/\/euvivoaselecao.com.br\/index.php\/2025\/05\/04\/edmundo-elogia-o-palmeiras-antes-do-jogo-contra-o-vasco\/","title":{"rendered":"Edmundo elogia o Palmeiras antes do jogo contra o Vasco"},"content":{"rendered":"<p><\/p>\n<div>Neste domingo (4), o Palmeiras vai duelar com a equipe do Vasco em partida v\u00e1lida pela 7\u00aa rodada do Brasileir\u00e3o Betano. O jogo acontece a partir das 16h (de Bras\u00edlia), no Est\u00e1dio Man\u00e9 Garrincha, em Bras\u00edlia (DF).<\/p>\n<p>O Gigante da Colina volta a campo ap\u00f3s empatar com o Oper\u00e1rio, no primeiro jogo da terceira fase da Copa Betano do Brasil. J\u00e1 o Alviverde Paulista viajou at\u00e9 Fortaleza e venceu o Cear\u00e1 no torneio nacional.\u00a0\n<\/p>\n<p>Edmundo, antes do\u00a0Vasco encarar o Palmeiras, fez quest\u00e3o de exaltar o patamar da equipe comandada por Abel Ferreira. Ap\u00f3s o Cruz-Maltino bater de frente com o Flamengo no empate, houve uma sinaliza\u00e7\u00e3o de que time tem pela frente o rival mais forte do primeiro turno do Brasileir\u00e3o.\n<\/p>\n<p>Sendo assim, somente a equipe do Rubro-Negro \u00e9 capaz de evitar outro t\u00edtulo nacional ao Verd\u00e3o. \u201cMesmo se n\u00e3o tiver um grande desempenho, a vit\u00f3ria \u00e9 meio que obriga\u00e7\u00e3o. A declara\u00e7\u00e3o (do Felipe sobre Capasso) foi p\u00e9ssima quando se est\u00e1 \u00e0s v\u00e9speras do jogo mais dif\u00edcil do primeiro turno com o advers\u00e1rio mais forte.\u201d, iniciou Edmundo.\n<\/p>\n<p>\u201cEu entendo que o Campeonato Brasileiro vai ser ganho pelo Palmeiras ou Flamengo.\u201d, acrescentou o ex-jogador durante live no canal \u2018Mundo Ed\u2019, no YouTube.\n<\/p>\n<p>Palmeiras: Weverton; Giay, Fuchs, Gustavo Gomez e piquerez; Emiliano Mart\u00ednez (An\u00edbal Moreno), Richard Rios e Felipe Anderson; Facundo Torres, Est\u00eav\u00e3o\u00a0e\u00a0Vitor\u00a0Roque. (T\u00e9cnico: Abel Ferreira).\n<\/p>\n<p>Vasco da Gama:L\u00e9o Jardim; Paulo Henrique, Jo\u00e3o Victor, Lucas Freitas e Lucas Piton; Hugo Moura, Jair, Rayan, Coutinho e Nuno Moreira; Vegetti.(T\u00e9cnico: Felipe Loureiro).\n<\/p>\n<p>Fonte: Bolavip<\/p>\n<\/div>\n<p><script async defer crossorigin=\"anonymous\" src=\"https:\/\/connect.facebook.net\/pt_BR\/sdk.js#xfbml=1&amp;version=v12.0&amp;appId=114327694422&amp;autoLogAppEvents=1\" nonce=\"4kp7RAsD\"><\/script><\/p>\n","protected":false},"excerpt":{"rendered":"<p>Neste domingo (4), o Palmeiras vai duelar com a equipe do Vasco em partida v\u00e1lida pela 7\u00aa rodada do Brasileir\u00e3o<\/p>\n","protected":false},"author":1,"featured_media":0,"comment_status":"","ping_status":"","sticky":false,"template":"","format":"standard","meta":{"colormag_page_container_layout":"default_layout","colormag_page_sidebar_layout":"default_layout","footnotes":""},"categories":[1],"tags":[],"class_list":["post-48889","post","type-post","status-publish","format-standard","hentry","category-sem-categoria"],"_links":{"self":[{"href":"https:\/\/euvivoaselecao.com.br\/index.php\/wp-json\/wp\/v2\/posts\/48889","targetHints":{"allow":["GET"]}}],"collection":[{"href":"https:\/\/euvivoaselecao.com.br\/index.php\/wp-json\/wp\/v2\/posts"}],"about":[{"href":"https:\/\/euvivoaselecao.com.br\/index.php\/wp-json\/wp\/v2\/types\/post"}],"author":[{"embeddable":true,"href":"https:\/\/euvivoaselecao.com.br\/index.php\/wp-json\/wp\/v2\/users\/1"}],"replies":[{"embeddable":true,"href":"https:\/\/euvivoaselecao.com.br\/index.php\/wp-json\/wp\/v2\/comments?post=48889"}],"version-history":[{"count":0,"href":"https:\/\/euvivoaselecao.com.br\/index.php\/wp-json\/wp\/v2\/posts\/48889\/revisions"}],"wp:attachment":[{"href":"https:\/\/euvivoaselecao.com.br\/index.php\/wp-json\/wp\/v2\/media?parent=48889"}],"wp:term":[{"taxonomy":"category","embeddable":true,"href":"https:\/\/euvivoaselecao.com.br\/index.php\/wp-json\/wp\/v2\/categories?post=48889"},{"taxonomy":"post_tag","embeddable":true,"href":"https:\/\/euvivoaselecao.com.br\/index.php\/wp-json\/wp\/v2\/tags?post=48889"}],"curies":[{"name":"wp","href":"https:\/\/api.w.org\/{rel}","templated":true}]}}