{"id":48960,"date":"2025-05-05T18:51:43","date_gmt":"2025-05-05T21:51:43","guid":{"rendered":"https:\/\/euvivoaselecao.com.br\/index.php\/2025\/05\/05\/giro-secom-com-noticias-de-santa-catarina-05-05-2025\/"},"modified":"2025-05-05T18:51:43","modified_gmt":"2025-05-05T21:51:43","slug":"giro-secom-com-noticias-de-santa-catarina-05-05-2025","status":"publish","type":"post","link":"https:\/\/euvivoaselecao.com.br\/index.php\/2025\/05\/05\/giro-secom-com-noticias-de-santa-catarina-05-05-2025\/","title":{"rendered":"Giro SECOM \u2013 Com not\u00edcias de Santa Catarina \u2013 05\/05\/2025"},"content":{"rendered":"<p><\/p>\n<div>\n<figure class=\"wp-block-audio\"><audio controls=\"\" src=\"https:\/\/estado.sc.gov.br\/noticias\/wp-content\/uploads\/sites\/3\/2025\/05\/SECOM-Giro-SECOM-05.05.25.mp3\"\/><\/figure>\n<p><span id=\"more-350554\"\/><\/p>\n<p>O governador Jorginho Mello participou nesta segunda-feira, 5 de maio, da solenidade em comemora\u00e7\u00e3o aos 190 anos da Pol\u00edcia Militar de Santa Catarina.<\/p>\n<p>Durante o evento, tamb\u00e9m foram realizadas promo\u00e7\u00f5es de oficiais e pra\u00e7as, al\u00e9m da entrega de condecora\u00e7\u00f5es a militares e personalidades que prestaram relevantes servi\u00e7os \u00e0 corpora\u00e7\u00e3o.<\/p>\n<p>\u2014\u2014\u2014\u2014\u2014\u2014\u2014\u2014\u2014\u2014\u2014\u2014\u2014\u2014\u2014\u2014\u2014\u2014\u2014\u2014<\/p>\n<p>O Instituto do Meio Ambiente do Estado de Santa Catarina (IMA) divulgou o relat\u00f3rio de balneabilidade referente ao m\u00eas de abril.<\/p>\n<p>De acordo com as amostras coletadas nos 238 pontos monitorados no litoral catarinense, 187 est\u00e3o pr\u00f3prios para banho, o que representa 78,9%.<\/p>\n<p>Em Florian\u00f3polis, dos 87 pontos analisados, 65 est\u00e3o adequados para banho, o que equivale a 75,58%.<\/p>\n<p>As informa\u00e7\u00f5es e considera\u00e7\u00f5es t\u00e9cnicas do relat\u00f3rio podem ser conferidas no site balneabilidade.ima.sc.gov.br.<\/p>\n<p>\u2014\u2014\u2014\u2014\u2014\u2014\u2014\u2014\u2014\u2014\u2014\u2014\u2014\u2014\u2014\u2014\u2014\u2014\u2014\u2014<\/p>\n<p>O Governo do Estado investiu mais de R$ 20 milh\u00f5es em abril para impulsionar a agricultura catarinense.<\/p>\n<p>Do total, R$ 15,7 milh\u00f5es v\u00eam dos programas do Fundo de Desenvolvimento Rural e de programas emergenciais, beneficiando quase 3,5 mil produtores rurais.<\/p>\n<p>Os recursos possibilitam investimentos nas propriedades por meio dos programas \u00c1gua no Campo SC, Financia Leite SC, Financia Agro SC, Jovens e Mulheres e Reconstr\u00f3i SC.<\/p>\n<p>Al\u00e9m disso, a subven\u00e7\u00e3o de juros \u00e9 viabilizada pelo Pronampe Agro SC, facilitando o acesso ao cr\u00e9dito com melhores condi\u00e7\u00f5es.<\/p>\n<p>\u2014\u2014\u2014\u2014\u2014\u2014\u2014\u2014\u2014\u2014\u2014\u2014\u2014\u2014\u2014\u2014\u2014\u2014\u2014\u2014<\/p>\n<p>Mais informa\u00e7\u00f5es est\u00e3o no portal estado.sc.gov.br\/noticias<\/p>\n<\/p><\/div>\n","protected":false},"excerpt":{"rendered":"<p>O governador Jorginho Mello participou nesta segunda-feira, 5 de maio, da solenidade em comemora\u00e7\u00e3o aos 190 anos da Pol\u00edcia Militar<\/p>\n","protected":false},"author":1,"featured_media":0,"comment_status":"","ping_status":"","sticky":false,"template":"","format":"standard","meta":{"colormag_page_container_layout":"default_layout","colormag_page_sidebar_layout":"default_layout","footnotes":""},"categories":[1],"tags":[],"class_list":["post-48960","post","type-post","status-publish","format-standard","hentry","category-sem-categoria"],"_links":{"self":[{"href":"https:\/\/euvivoaselecao.com.br\/index.php\/wp-json\/wp\/v2\/posts\/48960","targetHints":{"allow":["GET"]}}],"collection":[{"href":"https:\/\/euvivoaselecao.com.br\/index.php\/wp-json\/wp\/v2\/posts"}],"about":[{"href":"https:\/\/euvivoaselecao.com.br\/index.php\/wp-json\/wp\/v2\/types\/post"}],"author":[{"embeddable":true,"href":"https:\/\/euvivoaselecao.com.br\/index.php\/wp-json\/wp\/v2\/users\/1"}],"replies":[{"embeddable":true,"href":"https:\/\/euvivoaselecao.com.br\/index.php\/wp-json\/wp\/v2\/comments?post=48960"}],"version-history":[{"count":0,"href":"https:\/\/euvivoaselecao.com.br\/index.php\/wp-json\/wp\/v2\/posts\/48960\/revisions"}],"wp:attachment":[{"href":"https:\/\/euvivoaselecao.com.br\/index.php\/wp-json\/wp\/v2\/media?parent=48960"}],"wp:term":[{"taxonomy":"category","embeddable":true,"href":"https:\/\/euvivoaselecao.com.br\/index.php\/wp-json\/wp\/v2\/categories?post=48960"},{"taxonomy":"post_tag","embeddable":true,"href":"https:\/\/euvivoaselecao.com.br\/index.php\/wp-json\/wp\/v2\/tags?post=48960"}],"curies":[{"name":"wp","href":"https:\/\/api.w.org\/{rel}","templated":true}]}}