{"id":48988,"date":"2025-05-06T00:31:41","date_gmt":"2025-05-06T03:31:41","guid":{"rendered":"https:\/\/euvivoaselecao.com.br\/index.php\/2025\/05\/06\/3a-expo-mulheres-empreendedoras-e-realizada-na-praca-coronel-fernando-prestes-agencia-de-noticias\/"},"modified":"2025-05-06T00:31:41","modified_gmt":"2025-05-06T03:31:41","slug":"3a-expo-mulheres-empreendedoras-e-realizada-na-praca-coronel-fernando-prestes-agencia-de-noticias","status":"publish","type":"post","link":"https:\/\/euvivoaselecao.com.br\/index.php\/2025\/05\/06\/3a-expo-mulheres-empreendedoras-e-realizada-na-praca-coronel-fernando-prestes-agencia-de-noticias\/","title":{"rendered":"3\u00aa Expo Mulheres Empreendedoras \u00e9 realizada na Pra\u00e7a Coronel Fernando Prestes \u2013 Ag\u00eancia de Not\u00edcias"},"content":{"rendered":"<p><\/p>\n<div>\n<p align=\"justify\">\n<p class=\"western\" align=\"justify\"><span style=\"color: #171717;\"><span style=\"font-family: Arial, serif;\"><span style=\"font-size: medium;\">A Prefeitura de Sorocaba, por meio da Secretaria da Mulher (Semul) e do Fundo Social de Solidariedade (FSS), realizar\u00e1, no pr\u00f3ximo s\u00e1bado (10), das 9h \u00e0s 15h, a 3\u00aa edi\u00e7\u00e3o da Expo Mulheres Empreendedoras, na Pra\u00e7a Coronel Fernando Prestes, no Centro da cidade.<\/span><\/span><\/span><\/p>\n<p class=\"western\" align=\"justify\"><span style=\"color: #171717;\"><span style=\"font-family: Arial, serif;\"><span style=\"font-size: medium;\">O objetivo \u00e9 oferecer oportunidade a mulheres da cidade com perfil empreendedor e que buscam crescimento profissional, divulga\u00e7\u00e3o de seu trabalho e valoriza\u00e7\u00e3o no mercado.<\/span><\/span><\/span><\/p>\n<p class=\"western\" align=\"justify\"><span style=\"color: #171717;\"><span style=\"font-family: Arial, serif;\"><span style=\"font-size: medium;\">Os sorocabanos poder\u00e3o conferir e adquirir produtos e servi\u00e7os de 130 expositoras, na Pra\u00e7a Coronel Fernando Prestes, em diferentes categorias, como Confeitaria e Panifica\u00e7\u00e3o; Artesanato, Est\u00e9tica e Beleza, Confec\u00e7\u00e3o e Moda; Decora\u00e7\u00f5es em geral; Saboaria Artesanal; Bijouterias; e Presta\u00e7\u00e3o de servi\u00e7os.<\/span><\/span><\/span><\/p>\n<p class=\"western\" align=\"justify\"><span style=\"color: #171717;\"><span style=\"font-family: Arial, serif;\"><span style=\"font-size: medium;\">Todas as empreendedoras foram selecionadas por meio de edital de chamamento publicado no jornal Munic\u00edpio de Sorocaba do dia 22 de abril deste ano. Mais informa\u00e7\u00f5es sobre a Expo Mulheres Empreendedoras podem ser obtidas, de segunda a sexta-feira, das 8h \u00e0s 17h, pelo WhatsApp: (15) 99772-6431 ou pelo e-mail: semul@sorocaba.sp.gov.br.<\/span><\/span><\/span><\/p>\n<\/p><\/div>\n","protected":false},"excerpt":{"rendered":"<p>A Prefeitura de Sorocaba, por meio da Secretaria da Mulher (Semul) e do Fundo Social de Solidariedade (FSS), realizar\u00e1, no<\/p>\n","protected":false},"author":1,"featured_media":0,"comment_status":"","ping_status":"","sticky":false,"template":"","format":"standard","meta":{"colormag_page_container_layout":"default_layout","colormag_page_sidebar_layout":"default_layout","footnotes":""},"categories":[1],"tags":[],"class_list":["post-48988","post","type-post","status-publish","format-standard","hentry","category-sem-categoria"],"_links":{"self":[{"href":"https:\/\/euvivoaselecao.com.br\/index.php\/wp-json\/wp\/v2\/posts\/48988","targetHints":{"allow":["GET"]}}],"collection":[{"href":"https:\/\/euvivoaselecao.com.br\/index.php\/wp-json\/wp\/v2\/posts"}],"about":[{"href":"https:\/\/euvivoaselecao.com.br\/index.php\/wp-json\/wp\/v2\/types\/post"}],"author":[{"embeddable":true,"href":"https:\/\/euvivoaselecao.com.br\/index.php\/wp-json\/wp\/v2\/users\/1"}],"replies":[{"embeddable":true,"href":"https:\/\/euvivoaselecao.com.br\/index.php\/wp-json\/wp\/v2\/comments?post=48988"}],"version-history":[{"count":0,"href":"https:\/\/euvivoaselecao.com.br\/index.php\/wp-json\/wp\/v2\/posts\/48988\/revisions"}],"wp:attachment":[{"href":"https:\/\/euvivoaselecao.com.br\/index.php\/wp-json\/wp\/v2\/media?parent=48988"}],"wp:term":[{"taxonomy":"category","embeddable":true,"href":"https:\/\/euvivoaselecao.com.br\/index.php\/wp-json\/wp\/v2\/categories?post=48988"},{"taxonomy":"post_tag","embeddable":true,"href":"https:\/\/euvivoaselecao.com.br\/index.php\/wp-json\/wp\/v2\/tags?post=48988"}],"curies":[{"name":"wp","href":"https:\/\/api.w.org\/{rel}","templated":true}]}}