{"id":48991,"date":"2025-05-06T01:13:28","date_gmt":"2025-05-06T04:13:28","guid":{"rendered":"https:\/\/euvivoaselecao.com.br\/index.php\/2025\/05\/06\/prefeito-de-navirai-e-vereadores-apresentam-ao-governo-do-estado-projetos-estruturantes-para-o-municipio-agencia-de-noticias-do-governo-de-mato-grosso-do-sul\/"},"modified":"2025-05-06T01:13:28","modified_gmt":"2025-05-06T04:13:28","slug":"prefeito-de-navirai-e-vereadores-apresentam-ao-governo-do-estado-projetos-estruturantes-para-o-municipio-agencia-de-noticias-do-governo-de-mato-grosso-do-sul","status":"publish","type":"post","link":"https:\/\/euvivoaselecao.com.br\/index.php\/2025\/05\/06\/prefeito-de-navirai-e-vereadores-apresentam-ao-governo-do-estado-projetos-estruturantes-para-o-municipio-agencia-de-noticias-do-governo-de-mato-grosso-do-sul\/","title":{"rendered":"Prefeito de Navira\u00ed e vereadores apresentam ao Governo do Estado projetos estruturantes para o munic\u00edpio \u2013 Ag\u00eancia de Noticias do Governo de Mato Grosso do Sul"},"content":{"rendered":"<p><\/p>\n<div>\n<p>O prefeito de Navira\u00ed, Rodrigo Sacuno, acompanhado de secret\u00e1rios municipais e vereadores, se reuniu na tarde desta segunda-feira (5), com o governador Eduardo Riedel para discutir projetos importantes para o munic\u00edpio.<\/p>\n<p>Inicialmente, Riedel parabenizou os agentes p\u00fablicos de Navira\u00ed pelo esp\u00edrito de uni\u00e3o em prol da popula\u00e7\u00e3o e a apresenta\u00e7\u00e3o de projetos estruturados e bem definidos. &#8220;Assim que finalizarmos as formalidades dos projetos, vamos dar in\u00edcio a ordem de servi\u00e7o das obras&#8221;, completou o governador.<\/p>\n<p>Na reuni\u00e3o, o prefeito apresentou pleitos da popula\u00e7\u00e3o, que incluem, principalmente, obras em infraestrutura e sa\u00fade. Sacuno destacou, entre as obras que o munic\u00edpio est\u00e1 demandando junto ao Governo do Estado, o recapeamento de ruas e avenidas da cidade, pavimenta\u00e7\u00e3o asf\u00e1ltica e drenagem.<\/p>\n<p>&#8220;Estamos focados numa gest\u00e3o eficiente e voltada para os anseios da popula\u00e7\u00e3o e o desenvolvimento com a chegada de investimentos no munic\u00edpio&#8221;, afirmou Sacuno.<\/p>\n<p>Ainda durante a reuni\u00e3o, foram detalhadas algumas das obras j\u00e1 conclu\u00eddas e que contaram com o apoio do Governo do Estado, como a reforma do N\u00facleo Regional de Sa\u00fade e do Hemocentro, al\u00e9m da restaura\u00e7\u00e3o da pista de pouso e decolagem do aer\u00f3dromo da cidade, drenagem e pavimenta\u00e7\u00e3o asf\u00e1ltica de vias da cidade.<\/p>\n<p>O encontro de hoje integra o programa \u201cMS Ativo \u2013 Municipalismo\u201d, e contou com a presen\u00e7a do vice-governador Jos\u00e9 Carlos Barbosa (Barbosinha), dos secret\u00e1rios Guilherme Alc\u00e2ntara (Seilog), Rodrigo Perez (Segov) e Eduardo Rocha (Casa Civil), al\u00e9m dos deputados estaduais Paulo Corr\u00eaa, Mara Caseiro, Roberto Hashioka e Pedro Pedrossian Neto.<\/p>\n<p><em>Alexandre Gonzaga, Comunica\u00e7ao do Governo de MS<\/em><br \/><em>Fotos: Bruno Rezende<\/em><\/p>\n<\/div>\n","protected":false},"excerpt":{"rendered":"<p>O prefeito de Navira\u00ed, Rodrigo Sacuno, acompanhado de secret\u00e1rios municipais e vereadores, se reuniu na tarde desta segunda-feira (5), com<\/p>\n","protected":false},"author":1,"featured_media":0,"comment_status":"","ping_status":"","sticky":false,"template":"","format":"standard","meta":{"colormag_page_container_layout":"default_layout","colormag_page_sidebar_layout":"default_layout","footnotes":""},"categories":[1],"tags":[],"class_list":["post-48991","post","type-post","status-publish","format-standard","hentry","category-sem-categoria"],"_links":{"self":[{"href":"https:\/\/euvivoaselecao.com.br\/index.php\/wp-json\/wp\/v2\/posts\/48991","targetHints":{"allow":["GET"]}}],"collection":[{"href":"https:\/\/euvivoaselecao.com.br\/index.php\/wp-json\/wp\/v2\/posts"}],"about":[{"href":"https:\/\/euvivoaselecao.com.br\/index.php\/wp-json\/wp\/v2\/types\/post"}],"author":[{"embeddable":true,"href":"https:\/\/euvivoaselecao.com.br\/index.php\/wp-json\/wp\/v2\/users\/1"}],"replies":[{"embeddable":true,"href":"https:\/\/euvivoaselecao.com.br\/index.php\/wp-json\/wp\/v2\/comments?post=48991"}],"version-history":[{"count":0,"href":"https:\/\/euvivoaselecao.com.br\/index.php\/wp-json\/wp\/v2\/posts\/48991\/revisions"}],"wp:attachment":[{"href":"https:\/\/euvivoaselecao.com.br\/index.php\/wp-json\/wp\/v2\/media?parent=48991"}],"wp:term":[{"taxonomy":"category","embeddable":true,"href":"https:\/\/euvivoaselecao.com.br\/index.php\/wp-json\/wp\/v2\/categories?post=48991"},{"taxonomy":"post_tag","embeddable":true,"href":"https:\/\/euvivoaselecao.com.br\/index.php\/wp-json\/wp\/v2\/tags?post=48991"}],"curies":[{"name":"wp","href":"https:\/\/api.w.org\/{rel}","templated":true}]}}