{"id":48999,"date":"2025-05-06T03:21:06","date_gmt":"2025-05-06T06:21:06","guid":{"rendered":"https:\/\/euvivoaselecao.com.br\/index.php\/2025\/05\/06\/mountain-bike-historico-acontece-em-junho-com-o-apoio-da-prefeitura-de-joao-pessoa\/"},"modified":"2025-05-06T03:21:06","modified_gmt":"2025-05-06T06:21:06","slug":"mountain-bike-historico-acontece-em-junho-com-o-apoio-da-prefeitura-de-joao-pessoa","status":"publish","type":"post","link":"https:\/\/euvivoaselecao.com.br\/index.php\/2025\/05\/06\/mountain-bike-historico-acontece-em-junho-com-o-apoio-da-prefeitura-de-joao-pessoa\/","title":{"rendered":"Mountain Bike Hist\u00f3rico acontece em junho com o apoio da Prefeitura de Jo\u00e3o Pessoa"},"content":{"rendered":"<p><\/p>\n<div>\n<h5 class=\"text-primary\">Esporte e cultura <\/h5>\n<p>                        <!-- Mostra o t&iacute;tulo como um link para o link permanente do post --><\/p>\n<h2 class=\"mb-3\">Mountain Bike Hist\u00f3rico acontece em junho com o apoio da Prefeitura de Jo\u00e3o Pessoa<\/h2>\n<p class=\"text-secondary font-italic mb-3 p-0\">&#13;<br \/>\n                            <i class=\"fa fa-calendar\"\/> 05\/05\/2025 | &#13;<br \/>\n                            <i class=\"fa fa-clock-o\"\/> 19:00 |&#13;<br \/>\n                            <i class=\"fa fa-eye\"\/> 402                        <\/p>\n<p>                        <!-- Mostra o conte&uacute;do do post em uma DIV --><\/p>\n<div class=\"\">\n<p>Jo\u00e3o Pessoa sediar\u00e1, no pr\u00f3ximo m\u00eas de junho, o 1\u00ba Mountain Bike Hist\u00f3rico Track&amp;Field, um evento que alia a pr\u00e1tica esportiva ao turismo cultural. A iniciativa tem o apoio da Prefeitura, por meio das Secretarias de Preserva\u00e7\u00e3o, Revitaliza\u00e7\u00e3o e Inova\u00e7\u00e3o do Centro Hist\u00f3rico (Inovacentro) e de Juventude, Esporte e Recrea\u00e7\u00e3o (Sejer). O lan\u00e7amento do evento esportivo acontece na tarde desta ter\u00e7a-feira (6), \u00e0s 15h30, no largo do Hotel Globo, no Varadouro.<\/p>\n<p>Com concentra\u00e7\u00e3o na Pra\u00e7a da Independ\u00eancia e chegada no Conventinho, o evento \u00e9 realizado pela Track&amp;Field, considerada uma das maiores marcas brasileiras de esporte no setor de vestu\u00e1rio. A prova proporcionar\u00e1 aos participantes um percurso diferenciado, passando pelos principais pontos tur\u00edsticos do Centro Hist\u00f3rico da Capital paraibana.<\/p>\n<p>Voltado para todos os p\u00fablicos, o evento \u00e9 acess\u00edvel a atletas, ciclistas amadores e fam\u00edlias interessadas em viver essa experi\u00eancia \u00fanica de imers\u00e3o urbana sobre duas rodas.<\/p>\n<\/p><\/div>\n<\/p><\/div>\n","protected":false},"excerpt":{"rendered":"<p>Esporte e cultura Mountain Bike Hist\u00f3rico acontece em junho com o apoio da Prefeitura de Jo\u00e3o Pessoa &#13; 05\/05\/2025 |<\/p>\n","protected":false},"author":1,"featured_media":0,"comment_status":"","ping_status":"","sticky":false,"template":"","format":"standard","meta":{"colormag_page_container_layout":"default_layout","colormag_page_sidebar_layout":"default_layout","footnotes":""},"categories":[1],"tags":[],"class_list":["post-48999","post","type-post","status-publish","format-standard","hentry","category-sem-categoria"],"_links":{"self":[{"href":"https:\/\/euvivoaselecao.com.br\/index.php\/wp-json\/wp\/v2\/posts\/48999","targetHints":{"allow":["GET"]}}],"collection":[{"href":"https:\/\/euvivoaselecao.com.br\/index.php\/wp-json\/wp\/v2\/posts"}],"about":[{"href":"https:\/\/euvivoaselecao.com.br\/index.php\/wp-json\/wp\/v2\/types\/post"}],"author":[{"embeddable":true,"href":"https:\/\/euvivoaselecao.com.br\/index.php\/wp-json\/wp\/v2\/users\/1"}],"replies":[{"embeddable":true,"href":"https:\/\/euvivoaselecao.com.br\/index.php\/wp-json\/wp\/v2\/comments?post=48999"}],"version-history":[{"count":0,"href":"https:\/\/euvivoaselecao.com.br\/index.php\/wp-json\/wp\/v2\/posts\/48999\/revisions"}],"wp:attachment":[{"href":"https:\/\/euvivoaselecao.com.br\/index.php\/wp-json\/wp\/v2\/media?parent=48999"}],"wp:term":[{"taxonomy":"category","embeddable":true,"href":"https:\/\/euvivoaselecao.com.br\/index.php\/wp-json\/wp\/v2\/categories?post=48999"},{"taxonomy":"post_tag","embeddable":true,"href":"https:\/\/euvivoaselecao.com.br\/index.php\/wp-json\/wp\/v2\/tags?post=48999"}],"curies":[{"name":"wp","href":"https:\/\/api.w.org\/{rel}","templated":true}]}}