{"id":49167,"date":"2025-05-07T15:57:30","date_gmt":"2025-05-07T18:57:30","guid":{"rendered":"https:\/\/euvivoaselecao.com.br\/index.php\/2025\/05\/07\/futsal-tomografia-nao-aponta-lesao-em-daniel-leal-que-ja-pode-treinar-normalmente\/"},"modified":"2025-05-07T15:57:30","modified_gmt":"2025-05-07T18:57:30","slug":"futsal-tomografia-nao-aponta-lesao-em-daniel-leal-que-ja-pode-treinar-normalmente","status":"publish","type":"post","link":"https:\/\/euvivoaselecao.com.br\/index.php\/2025\/05\/07\/futsal-tomografia-nao-aponta-lesao-em-daniel-leal-que-ja-pode-treinar-normalmente\/","title":{"rendered":"Futsal: Tomografia n\u00e3o aponta les\u00e3o em Daniel Leal, que j\u00e1 pode treinar normalmente"},"content":{"rendered":"<p><\/p>\n<div>\n<p>Futsal: Tomografia n\u00e3o aponta les\u00e3o em Daniel Leal, que j\u00e1 pode treinar normalmente<\/p>\n<div>futsalvasco<\/p>\n<p>\ud83c\udfe5 BOLETIM M\u00c9DICO\n<\/p>\n<p>Ap\u00f3s socorrido e levado ao hospital de ambul\u00e2ncia, nosso piv\u00f4 Daniel Leal realizou exame de tomografia e nenhum problema foi encontrado. N\u00e3o passou de um grande susto. \ud83d\ude4f\n<\/p>\n<p>Daniel j\u00e1 est\u00e1 voltando ao Rio de Janeiro, sem necessidade de passar a noite no hospital. Foi recomendado repouso ao atleta, sem nenhuma restri\u00e7\u00e3o quanto aos treinamentos.\n<\/p>\n<p>#FutsalVasco #VascodaGama\n<\/p>\n<p>Fonte: Instagram Vasco Futsal<\/p>\n<\/div>\n<div class=\"sharedaddy sd-block sd-like jetpack-likes-widget-wrapper jetpack-likes-widget-unloaded\" id=\"like-post-wrapper-173292096-74439-681bae194472e\" data-src=\"https:\/\/widgets.wp.com\/likes\/?ver=14.6#blog_id=173292096&amp;post_id=74439&amp;origin=vasconet.com.br&amp;obj_id=173292096-74439-681bae194472e\" data-name=\"like-post-frame-173292096-74439-681bae194472e\" data-title=\"Curtir ou reblogar\">\n<h3 class=\"sd-title\">Curtir isso:<\/h3>\n<p><span class=\"button\"><span>Curtir<\/span><\/span> <span class=\"loading\">Carregando&#8230;<\/span><\/p>\n<p><span class=\"sd-text-color\"><\/span><\/div>\n<\/p>\n<h3 class=\"jp-relatedposts-headline\"><em>Relacionado<\/em><\/h3>\n<p><!-- CONTENT END 2 -->\n<\/div>\n<p><script async defer crossorigin=\"anonymous\" src=\"https:\/\/connect.facebook.net\/pt_BR\/sdk.js#xfbml=1&amp;version=v12.0&amp;appId=114327694422&amp;autoLogAppEvents=1\" nonce=\"4kp7RAsD\"><\/script><\/p>\n","protected":false},"excerpt":{"rendered":"<p>Futsal: Tomografia n\u00e3o aponta les\u00e3o em Daniel Leal, que j\u00e1 pode treinar normalmente futsalvasco \ud83c\udfe5 BOLETIM M\u00c9DICO Ap\u00f3s socorrido e<\/p>\n","protected":false},"author":1,"featured_media":0,"comment_status":"","ping_status":"","sticky":false,"template":"","format":"standard","meta":{"colormag_page_container_layout":"default_layout","colormag_page_sidebar_layout":"default_layout","footnotes":""},"categories":[1],"tags":[],"class_list":["post-49167","post","type-post","status-publish","format-standard","hentry","category-sem-categoria"],"_links":{"self":[{"href":"https:\/\/euvivoaselecao.com.br\/index.php\/wp-json\/wp\/v2\/posts\/49167","targetHints":{"allow":["GET"]}}],"collection":[{"href":"https:\/\/euvivoaselecao.com.br\/index.php\/wp-json\/wp\/v2\/posts"}],"about":[{"href":"https:\/\/euvivoaselecao.com.br\/index.php\/wp-json\/wp\/v2\/types\/post"}],"author":[{"embeddable":true,"href":"https:\/\/euvivoaselecao.com.br\/index.php\/wp-json\/wp\/v2\/users\/1"}],"replies":[{"embeddable":true,"href":"https:\/\/euvivoaselecao.com.br\/index.php\/wp-json\/wp\/v2\/comments?post=49167"}],"version-history":[{"count":0,"href":"https:\/\/euvivoaselecao.com.br\/index.php\/wp-json\/wp\/v2\/posts\/49167\/revisions"}],"wp:attachment":[{"href":"https:\/\/euvivoaselecao.com.br\/index.php\/wp-json\/wp\/v2\/media?parent=49167"}],"wp:term":[{"taxonomy":"category","embeddable":true,"href":"https:\/\/euvivoaselecao.com.br\/index.php\/wp-json\/wp\/v2\/categories?post=49167"},{"taxonomy":"post_tag","embeddable":true,"href":"https:\/\/euvivoaselecao.com.br\/index.php\/wp-json\/wp\/v2\/tags?post=49167"}],"curies":[{"name":"wp","href":"https:\/\/api.w.org\/{rel}","templated":true}]}}