{"id":49214,"date":"2025-05-08T03:11:48","date_gmt":"2025-05-08T06:11:48","guid":{"rendered":"https:\/\/euvivoaselecao.com.br\/index.php\/2025\/05\/08\/programa-observa-faz-operacao-em-sao-francisco-xavier\/"},"modified":"2025-05-08T03:11:48","modified_gmt":"2025-05-08T06:11:48","slug":"programa-observa-faz-operacao-em-sao-francisco-xavier","status":"publish","type":"post","link":"https:\/\/euvivoaselecao.com.br\/index.php\/2025\/05\/08\/programa-observa-faz-operacao-em-sao-francisco-xavier\/","title":{"rendered":"Programa Observa faz opera\u00e7\u00e3o em S\u00e3o Francisco Xavier"},"content":{"rendered":"<p><\/p>\n<div>\n<p><b\/><br \/>&#13;<br \/>\n&#13;<br \/>\n                <span style=\"font-weight: bold;\">Secretaria de Urbanismo e Sustentabilidade<\/span><\/p>\n<p>A Prefeitura de S\u00e3o Jos\u00e9 dos Campos realizou na \u00faltima semana, em S\u00e3o Francisco Xavier, a primeira Opera\u00e7\u00e3o Observa de 2025, com diversas equipes de fiscaliza\u00e7\u00e3o. Os moradores tamb\u00e9m foram atendidos para esclarecimentos sobre temas como regulariza\u00e7\u00e3o fundi\u00e1ria, regulariza\u00e7\u00e3o de obras e licenciamento ambiental.<\/p>\n<p>As equipes de fiscaliza\u00e7\u00e3o atenderam a 16 alertas, emitidos pelo Programa Observa, em v\u00e1rios bairros do distrito de S\u00e3o Francisco Xavier, que resultaram em 4 notifica\u00e7\u00f5es por constru\u00e7\u00f5es irregulares e interven\u00e7\u00f5es n\u00e3o autorizadas em \u00c1reas de Preserva\u00e7\u00e3o Permanente.<\/p>\n<p>Participaram da a\u00e7\u00e3o conjunta servidores de setores como o Departamento de Regulariza\u00e7\u00e3o Fundi\u00e1ria, Divis\u00e3o de Aprova\u00e7\u00e3o de Obras Particulares, Divis\u00e3o de Fiscaliza\u00e7\u00e3o de Obras Particulares, Gest\u00e3o de Projetos Especiais, Guarda Civil Municipal, Defesa Civil e Subprefeitura de S\u00e3o Francisco Xavier. Al\u00e9m da Ag\u00eancia Ambiental e da Pol\u00edcia Militar Ambiental.<\/p>\n<p><span class=\"intertitulo\">Plant\u00e3o<\/span><br \/>A popula\u00e7\u00e3o tamb\u00e9m pode tirar d\u00favidas e receber orienta\u00e7\u00f5es dos tr\u00e2mites legais, das \u00e1reas fundi\u00e1ria, ambiental e de obras, cart\u00e3o de numera\u00e7\u00e3o e instala\u00e7\u00e3o de energia el\u00e9trica. O atendimento ao p\u00fablico ocorreu na Pra\u00e7a C\u00f4nego Ant\u00f4nio Manzi, no Centro.<\/p>\n<p>Tamb\u00e9m foram realizadas reuni\u00f5es com v\u00e1rios respons\u00e1veis por imobili\u00e1rias e entidades locais para tratar de assuntos sobre regulariza\u00e7\u00e3o fundi\u00e1ria e licenciamento ambiental.<\/p>\n<div><span style=\"color: #000c39; font-size: 1.5em; font-weight: bold;\"><br \/><\/span><\/div>\n<div>\n<p><sup>O Programa Observa monitora por sat\u00e9lite bairros do distrito para emiss\u00e3o de alertas| Foto: PMSJC<\/sup><\/p>\n<p><span style=\"color: #000c39; font-size: 1.5em; font-weight: bold;\">Projeto Observa<\/span><\/p>\n<\/div>\n<div>\n<p>A plataforma disponibiliza um banco de dados de imagens de alt\u00edssima resolu\u00e7\u00e3o espacial, coletadas por sat\u00e9lites de alta performance, com \u00e1rea m\u00ednima de detec\u00e7\u00e3o de 25 metros quadrados.<\/p>\n<p>Por meio de modernos sistemas de geoprocessamento, s\u00e3o fornecidos relat\u00f3rios peri\u00f3dicos sobre alertas e detec\u00e7\u00e3o de mudan\u00e7as do munic\u00edpio. Ap\u00f3s an\u00e1lise da equipe t\u00e9cnica pelas equipes da Prefeitura, as altera\u00e7\u00f5es procedentes s\u00e3o objeto de a\u00e7\u00e3o fiscal e outras provid\u00eancias.<\/p>\n<p>O projeto Observa tamb\u00e9m tem um componente educativo no sentido de levar orienta\u00e7\u00f5es aos propriet\u00e1rios rurais sobre os crit\u00e9rios ambientais no uso e ocupa\u00e7\u00e3o do solo, licenciamento e regulariza\u00e7\u00e3o de obras. Para tanto, a Prefeitura tem realizado um atendimento mais pr\u00f3ximo deles.<\/p>\n<\/div>\n<p>&#13;<br \/>\n                        <strong>MAIS NOT\u00cdCIAS<\/strong><br \/>&#13;<br \/>\n                        Secretaria de Urbanismo e Sustentabilidade&#13;\n                    <\/p>\n<\/p><\/div>\n","protected":false},"excerpt":{"rendered":"<p>&#13; &#13; Secretaria de Urbanismo e Sustentabilidade A Prefeitura de S\u00e3o Jos\u00e9 dos Campos realizou na \u00faltima semana, em S\u00e3o<\/p>\n","protected":false},"author":1,"featured_media":0,"comment_status":"","ping_status":"","sticky":false,"template":"","format":"standard","meta":{"colormag_page_container_layout":"default_layout","colormag_page_sidebar_layout":"default_layout","footnotes":""},"categories":[1],"tags":[],"class_list":["post-49214","post","type-post","status-publish","format-standard","hentry","category-sem-categoria"],"_links":{"self":[{"href":"https:\/\/euvivoaselecao.com.br\/index.php\/wp-json\/wp\/v2\/posts\/49214","targetHints":{"allow":["GET"]}}],"collection":[{"href":"https:\/\/euvivoaselecao.com.br\/index.php\/wp-json\/wp\/v2\/posts"}],"about":[{"href":"https:\/\/euvivoaselecao.com.br\/index.php\/wp-json\/wp\/v2\/types\/post"}],"author":[{"embeddable":true,"href":"https:\/\/euvivoaselecao.com.br\/index.php\/wp-json\/wp\/v2\/users\/1"}],"replies":[{"embeddable":true,"href":"https:\/\/euvivoaselecao.com.br\/index.php\/wp-json\/wp\/v2\/comments?post=49214"}],"version-history":[{"count":0,"href":"https:\/\/euvivoaselecao.com.br\/index.php\/wp-json\/wp\/v2\/posts\/49214\/revisions"}],"wp:attachment":[{"href":"https:\/\/euvivoaselecao.com.br\/index.php\/wp-json\/wp\/v2\/media?parent=49214"}],"wp:term":[{"taxonomy":"category","embeddable":true,"href":"https:\/\/euvivoaselecao.com.br\/index.php\/wp-json\/wp\/v2\/categories?post=49214"},{"taxonomy":"post_tag","embeddable":true,"href":"https:\/\/euvivoaselecao.com.br\/index.php\/wp-json\/wp\/v2\/tags?post=49214"}],"curies":[{"name":"wp","href":"https:\/\/api.w.org\/{rel}","templated":true}]}}