{"id":49220,"date":"2025-05-08T04:35:48","date_gmt":"2025-05-08T07:35:48","guid":{"rendered":"https:\/\/euvivoaselecao.com.br\/index.php\/2025\/05\/08\/investimento-industrial-fortalece-economia-de-ms-e-reflete-na-geracao-de-emprego-e-renda-agencia-de-noticias-do-governo-de-mato-grosso-do-sul\/"},"modified":"2025-05-08T04:35:48","modified_gmt":"2025-05-08T07:35:48","slug":"investimento-industrial-fortalece-economia-de-ms-e-reflete-na-geracao-de-emprego-e-renda-agencia-de-noticias-do-governo-de-mato-grosso-do-sul","status":"publish","type":"post","link":"https:\/\/euvivoaselecao.com.br\/index.php\/2025\/05\/08\/investimento-industrial-fortalece-economia-de-ms-e-reflete-na-geracao-de-emprego-e-renda-agencia-de-noticias-do-governo-de-mato-grosso-do-sul\/","title":{"rendered":"Investimento industrial fortalece economia de MS e reflete na gera\u00e7\u00e3o de emprego e renda \u2013 Ag\u00eancia de Noticias do Governo de Mato Grosso do Sul"},"content":{"rendered":"<p><\/p>\n<div>\n<p>Com investimentos significativos na \u00e1rea econ\u00f4mica, Mato Grosso do Sul se consolida nacionalmente com a\u00e7\u00f5es que tornam o cen\u00e1rio estadual favor\u00e1vel para atra\u00e7\u00e3o de ind\u00fastrias de diferentes matrizes econ\u00f4micas que contribuem na gera\u00e7\u00e3o de emprego e renda.<\/p>\n<p>A proje\u00e7\u00e3o de crescimento para o Estado \u00e9 de 4,8% em 2025, de acordo com a Resenha Econ\u00f4mica Regional do Banco do Brasil. Previs\u00e3o que destaca a for\u00e7a e o potencial de MS, e o coloca na lideran\u00e7a do Brasil para este ano, com implica\u00e7\u00f5es positivas para o desenvolvimento e fortalecimento econ\u00f4mico.<\/p>\n<p>O governador Eduardo Riedel participou da coletiva de imprensa da FIEMS (Federa\u00e7\u00e3o das Ind\u00fastrias do Estado de Mato Grosso do Sul) \u2013 na manh\u00e3 desta quarta-feira (7) \u2013, onde foram apresentados o \u2018Panorama Industrial\u2019 e o Observat\u00f3rio da Ind\u00fastria de MS, e foi anunciado o F\u00f3rum Lide COP-30, que ser\u00e1 realizado em Bonito (no dia 30 de maio).<\/p>\n<p>\u201cTudo que tem acontecido no Estado \u00e9 consequ\u00eancia de um grande trabalho que envolve os setores privado e p\u00fablico, al\u00e9m da pol\u00edtica. Eu destaco muito sempre a harmonia entre os poderes em torno dos quatro grandes eixos que s\u00e3o pr\u00f3spero, verde, digital e inclusivo, eles s\u00e3o fundamentais para que a gente avance. Somos o Estado que mais vai crescer no Brasil, com pleno emprego\u201d, disse Riedel.<\/p>\n<div id=\"gallery-1\" class=\"gallery galleryid-509701 gallery-columns-2 gallery-size-full\">\n<figure class=\"gallery-item\">\n<div class=\"gallery-icon landscape\"><\/div>\n<\/figure>\n<figure class=\"gallery-item\">\n<div class=\"gallery-icon landscape\"><\/div>\n<\/figure><\/div>\n<\/p>\n<p>Como reflexo do compromisso com a sustentabilidade e a transi\u00e7\u00e3o para uma matriz el\u00e9trica mais limpa, Mato Grosso do Sul aumentou em 11%, no ano passado, a capacidade instalada total de energia. Desse total, as fontes renov\u00e1veis correspondem a 94% da capacidade instalada, com a energia h\u00eddrica representando mais da metade desse grupo, seguido pela biomassa \u2013 com praticamente um quarto da produ\u00e7\u00e3o local \u2013 e pela energia solar. As fontes f\u00f3sseis, por sua vez, representam apenas 5,9% do total.<\/p>\n<p>Com ind\u00fastria de transforma\u00e7\u00e3o que mais cresceu no pa\u00eds na \u00faltima d\u00e9cada e meia, o Estado se tornou estrat\u00e9gico para a diversifica\u00e7\u00e3o da matriz de produ\u00e7\u00e3o e para o crescimento sustent\u00e1vel.<\/p>\n<p>\u201cO Mato Grosso hoje \u00e9 o estado que mais recebe investimentos privado no pa\u00eds. N\u00f3s temos a\u00ed um portf\u00f3lio total de mais de R$ 105 bilh\u00f5es e que obviamente gera essa perspectiva que n\u00f3s temos para 2025, que o Estado de Mato Grosso do Sul tem um crescimento de 4,8%. E a for\u00e7a desse crescimento est\u00e1, na verdade, no investimento privado, que tem gerado toda a capacidade de desenvolvimento e gera\u00e7\u00e3o de emprego\u201d, afirmou o secret\u00e1rio Jaime Verruck (Semadesc).<\/p>\n<p>Mato Grosso do Sul est\u00e1 entre os estados mais competitivos do Brasil, trabalhando com a menor al\u00edquota modal geral de ICMS em vigor no pa\u00eds. O Estado tem incentivos concedidos \u00e0s ind\u00fastrias que se instalarem ou ampliarem suas instala\u00e7\u00f5es, de at\u00e9 67% do ICMS devido, pelo prazo de at\u00e9 31 de dezembro de 2032.<\/p>\n<p>\u201cA ind\u00fastria do Estado vem se consolidando a cada dia, mostrando que o nosso planejamento industrial est\u00e1 dando certo. Vivemos hoje um Mato Grosso do Sul diferenciado, criamos aqui um ambiente de neg\u00f3cios muito importante onde empresas e empres\u00e1rios s\u00e3o bem recebidos onde a m\u00e1quina p\u00fablica funciona no ritmo necess\u00e1rio, \u00e9 uma pr\u00e1tica. O Estado \u00e9 um parceiro, como muitas prefeituras tamb\u00e9m, para que possam receber essas empresas, atendendo a necessidade de cada segmento\u201d, afirmou o presidente da Fiems, S\u00e9rgio Longen.<\/p>\n<p><strong>COP-30<\/strong><\/p>\n<p>O secret\u00e1rio Rodrigo Perez (Segov), al\u00e9m da equipe da Fiems, tamb\u00e9m participou da coletiva. Na ocasi\u00e3o, tamb\u00e9m foi anunciado o F\u00f3rum LIDE COP-30, que acontecer\u00e1 no dia 30 de maio em Bonito, reunindo autoridades, especialistas e lideran\u00e7as empresariais para discutir temas como transi\u00e7\u00e3o energ\u00e9tica, descarboniza\u00e7\u00e3o da economia, desenvolvimento sustent\u00e1vel e o protagonismo brasileiro na COP-30, que ocorrer\u00e1 em novembro de 2025, em Bel\u00e9m (PA).<\/p>\n<p>A escolha de Bonito como sede do F\u00f3rum \u00e9 simb\u00f3lica e estrat\u00e9gica. O munic\u00edpio \u00e9 reconhecido mundialmente como santu\u00e1rio ecol\u00f3gico, refer\u00eancia em turismo sustent\u00e1vel e preserva\u00e7\u00e3o ambiental, com pr\u00e1ticas consolidadas de controle de visita\u00e7\u00e3o, uso racional dos recursos naturais e valoriza\u00e7\u00e3o da biodiversidade.<\/p>\n<p>\u201cO Lide em Bonito \u00e9 para que a gente possa fazer uma discuss\u00e3o em rela\u00e7\u00e3o \u00e0 quest\u00e3o do desenvolvimento e prosperidade, atrelado \u00e0 sustentabilidade. N\u00f3s n\u00e3o abrimos m\u00e3o disso e \u00e9 f\u00e1cil fazer isso num estado como o Mato Grosso do Sul, num pa\u00eds como o Brasil. O evento vai ter essa fun\u00e7\u00e3o, de trazer o pensamento brasileiro e global sobre a sustentabilidade, at\u00e9 para nos posicionarmos na COP30 da maneira adequada\u201d, disse Riedel.<\/p>\n<p><em>Natalia Yahn, Comunica\u00e7\u00e3o Governo de MS<\/em><br \/><em>Fotos: Bruno Rezende<\/em><\/p>\n<\/div>\n","protected":false},"excerpt":{"rendered":"<p>Com investimentos significativos na \u00e1rea econ\u00f4mica, Mato Grosso do Sul se consolida nacionalmente com a\u00e7\u00f5es que tornam o cen\u00e1rio estadual<\/p>\n","protected":false},"author":1,"featured_media":0,"comment_status":"","ping_status":"","sticky":false,"template":"","format":"standard","meta":{"colormag_page_container_layout":"default_layout","colormag_page_sidebar_layout":"default_layout","footnotes":""},"categories":[1],"tags":[],"class_list":["post-49220","post","type-post","status-publish","format-standard","hentry","category-sem-categoria"],"_links":{"self":[{"href":"https:\/\/euvivoaselecao.com.br\/index.php\/wp-json\/wp\/v2\/posts\/49220","targetHints":{"allow":["GET"]}}],"collection":[{"href":"https:\/\/euvivoaselecao.com.br\/index.php\/wp-json\/wp\/v2\/posts"}],"about":[{"href":"https:\/\/euvivoaselecao.com.br\/index.php\/wp-json\/wp\/v2\/types\/post"}],"author":[{"embeddable":true,"href":"https:\/\/euvivoaselecao.com.br\/index.php\/wp-json\/wp\/v2\/users\/1"}],"replies":[{"embeddable":true,"href":"https:\/\/euvivoaselecao.com.br\/index.php\/wp-json\/wp\/v2\/comments?post=49220"}],"version-history":[{"count":0,"href":"https:\/\/euvivoaselecao.com.br\/index.php\/wp-json\/wp\/v2\/posts\/49220\/revisions"}],"wp:attachment":[{"href":"https:\/\/euvivoaselecao.com.br\/index.php\/wp-json\/wp\/v2\/media?parent=49220"}],"wp:term":[{"taxonomy":"category","embeddable":true,"href":"https:\/\/euvivoaselecao.com.br\/index.php\/wp-json\/wp\/v2\/categories?post=49220"},{"taxonomy":"post_tag","embeddable":true,"href":"https:\/\/euvivoaselecao.com.br\/index.php\/wp-json\/wp\/v2\/tags?post=49220"}],"curies":[{"name":"wp","href":"https:\/\/api.w.org\/{rel}","templated":true}]}}