{"id":49346,"date":"2025-05-09T10:20:14","date_gmt":"2025-05-09T13:20:14","guid":{"rendered":"https:\/\/euvivoaselecao.com.br\/index.php\/2025\/05\/09\/lula-empossa-marcia-lopes-no-ministerio-das-mulheres\/"},"modified":"2025-05-09T10:20:14","modified_gmt":"2025-05-09T13:20:14","slug":"lula-empossa-marcia-lopes-no-ministerio-das-mulheres","status":"publish","type":"post","link":"https:\/\/euvivoaselecao.com.br\/index.php\/2025\/05\/09\/lula-empossa-marcia-lopes-no-ministerio-das-mulheres\/","title":{"rendered":"Lula empossa M\u00e1rcia Lopes no Minist\u00e9rio das Mulheres"},"content":{"rendered":"<p><\/p>\n<div wp_automatic_readability=\"53.522857142857\">\n<p><strong>A assistente social M\u00e1rcia Lopes ser\u00e1 a nova ministra das Mulheres, no lugar de Cida Gon\u00e7alves.<\/strong> O presidente Luiz In\u00e1cio Lula da Silva deu posse a M\u00e1rcia nesta segunda-feira (5), em reuni\u00e3o no Pal\u00e1cio do Planalto.<\/p>\n<p>De acordo com a Presid\u00eancia, a exonera\u00e7\u00e3o de Cida e a nomea\u00e7\u00e3o de M\u00e1rcia ser\u00e3o publicadas ainda hoje, em edi\u00e7\u00e3o extra do Di\u00e1rio Oficial da Uni\u00e3o.<\/p>\n<p><strong>Em publica\u00e7\u00e3o nas redes sociais, M\u00e1rcia afirmou que aceitou o convite de Lula \u201ccom alegria e senso profundo de responsabilidade\u201d.<\/strong><\/p>\n<p><strong>Papa Le\u00e3o XIV; sal\u00e1rio, mudan\u00e7as e legado ap\u00f3s a elei\u00e7\u00e3o hist\u00f3rica do primeiro pont\u00edfice americano<\/strong><\/p>\n<p><strong>Ap\u00f3s pol\u00eamica sobre papa Francisco, Padre F\u00e1bio de Melo se pronuncia sobre novo pont\u00edfice<\/strong><\/p>\n<blockquote wp_automatic_readability=\"11\">\n<p>\u201cAssumo essa miss\u00e3o com humildade, coragem e o compromisso de toda uma trajet\u00f3ria dedicada \u00e0 justi\u00e7a social, \u00e0 defesa dos direitos humanos e \u00e0 constru\u00e7\u00e3o de pol\u00edticas p\u00fablicas que transformam vidas, especialmente a vida das mulheres neste pa\u00eds\u201d, escreveu.<\/p>\n<p>\u00a0<\/p>\n<\/blockquote>\n<p>&gt;&gt; Siga o canal da <strong>Ag\u00eancia Brasil <\/strong>no WhatsApp<\/p>\n<p><strong>M\u00e1rcia Lopes j\u00e1 foi ministra de Lula em seu segundo governo, em 2010, no comando do Minist\u00e9rio do Desenvolvimento Social e Combate \u00e0 Fome. <\/strong>Antes, ocupou a secretaria-executiva da mesma pasta, de 2004 a 2008. M\u00e1rcia \u00e9 formada em Servi\u00e7o Social pela Universidade Estadual de Londrina (UEL), no Paran\u00e1, onde tamb\u00e9m foi professora, com mestrado pela Pontif\u00edcia Universidade Cat\u00f3lica de S\u00e3o Paulo (PUC-SP).<\/p>\n<p><strong>Habemus Papam, Fuma\u00e7a Branca Anuncia \u2014 Cardeal Prevost \u00e9 o Papa Le\u00e3o XIV<\/strong><\/p>\n<p><strong>Habemus Papam, Fuma\u00e7a Branca Anuncia Novo Papa \u2014 Cardeal Prevost \u00e9 o Escolhido?<\/strong><\/p>\n<p><strong>Em 2022, ela fez parte da equipe de transi\u00e7\u00e3o do terceiro governo Lula, no grupo de assist\u00eancia social.<\/strong><\/p>\n<p>A paranaense \u00e9 irm\u00e3 de Gilberto de Carvalho, nome hist\u00f3rico do PT que foi chefe de gabinete de Lula durante seus dois primeiros mandatos, de 2003 a 2010. Hoje, Carvalho atua como secret\u00e1rio Nacional de Economia Popular e Solid\u00e1ria, do Minist\u00e9rio do Trabalho e Emprego.<\/p>\n<p>\u00a0<\/p>\n<p><strong><em>*Mat\u00e9ria alterada \u00e0s 15h13 para acr\u00e9scimo de informa\u00e7\u00f5es<\/em><\/strong><\/p>\n<\/div>\n","protected":false},"excerpt":{"rendered":"<p>A assistente social M\u00e1rcia Lopes ser\u00e1 a nova ministra das Mulheres, no lugar de Cida Gon\u00e7alves. O presidente Luiz In\u00e1cio<\/p>\n","protected":false},"author":2,"featured_media":0,"comment_status":"","ping_status":"","sticky":false,"template":"","format":"standard","meta":{"colormag_page_container_layout":"default_layout","colormag_page_sidebar_layout":"default_layout","footnotes":""},"categories":[],"tags":[],"class_list":["post-49346","post","type-post","status-publish","format-standard","hentry"],"_links":{"self":[{"href":"https:\/\/euvivoaselecao.com.br\/index.php\/wp-json\/wp\/v2\/posts\/49346","targetHints":{"allow":["GET"]}}],"collection":[{"href":"https:\/\/euvivoaselecao.com.br\/index.php\/wp-json\/wp\/v2\/posts"}],"about":[{"href":"https:\/\/euvivoaselecao.com.br\/index.php\/wp-json\/wp\/v2\/types\/post"}],"author":[{"embeddable":true,"href":"https:\/\/euvivoaselecao.com.br\/index.php\/wp-json\/wp\/v2\/users\/2"}],"replies":[{"embeddable":true,"href":"https:\/\/euvivoaselecao.com.br\/index.php\/wp-json\/wp\/v2\/comments?post=49346"}],"version-history":[{"count":0,"href":"https:\/\/euvivoaselecao.com.br\/index.php\/wp-json\/wp\/v2\/posts\/49346\/revisions"}],"wp:attachment":[{"href":"https:\/\/euvivoaselecao.com.br\/index.php\/wp-json\/wp\/v2\/media?parent=49346"}],"wp:term":[{"taxonomy":"category","embeddable":true,"href":"https:\/\/euvivoaselecao.com.br\/index.php\/wp-json\/wp\/v2\/categories?post=49346"},{"taxonomy":"post_tag","embeddable":true,"href":"https:\/\/euvivoaselecao.com.br\/index.php\/wp-json\/wp\/v2\/tags?post=49346"}],"curies":[{"name":"wp","href":"https:\/\/api.w.org\/{rel}","templated":true}]}}