{"id":49347,"date":"2025-05-09T10:59:08","date_gmt":"2025-05-09T13:59:08","guid":{"rendered":"https:\/\/euvivoaselecao.com.br\/index.php\/2025\/05\/09\/com-ambiente-positivo-ms-vai-receber-novos-voos-nacionais-para-bonito-e-dourados-no-2-semestre\/"},"modified":"2025-05-09T10:59:08","modified_gmt":"2025-05-09T13:59:08","slug":"com-ambiente-positivo-ms-vai-receber-novos-voos-nacionais-para-bonito-e-dourados-no-2-semestre","status":"publish","type":"post","link":"https:\/\/euvivoaselecao.com.br\/index.php\/2025\/05\/09\/com-ambiente-positivo-ms-vai-receber-novos-voos-nacionais-para-bonito-e-dourados-no-2-semestre\/","title":{"rendered":"Com ambiente positivo, MS vai receber novos voos nacionais para Bonito e Dourados no 2\u00b0 semestre"},"content":{"rendered":"<p><\/p>\n<div>\n<p>Com ambiente positivo de neg\u00f3cios e investimento do Estado em infraestrutura e log\u00edstica, a empresa \u00e1rea Latam anunciou que come\u00e7ara a operar voos em Bonito e Dourados no segundo semestre deste ano. Esta nova oferta vai contribuir para impulsionar o ecoturismo e novas rela\u00e7\u00f5es comerciais em Mato Grosso do Sul.<\/p>\n<p>Para cidade de Bonito os novos voos t\u00eam previs\u00e3o de come\u00e7ar a partir de 3 de setembro, com 2 frequ\u00eancias semanais na rota Bonito-S\u00e3o Paulo\/Guarulhos, a ser operada em aeronaves da fam\u00edlia Airbus A320 (que contempla os modelos A319 e A320), com capacidade para at\u00e9 174 passageiros. Ser\u00e1 um grande refor\u00e7o para vinda de turistas de todos os lugares do Brasil e at\u00e9 internacionais.<\/p>\n<p>J\u00e1 para Dourados (MS) deve iniciar em 8 de setembro com 3 frequ\u00eancias semanais na rota Dourados-S\u00e3o Paulo\/Guarulhos, a ser operada em aeronaves Airbus A319 e A320, com capacidade para at\u00e9 174 passageiros. A segunda maior cidade do Estado tem grande representatividade e import\u00e2ncia para regi\u00e3o sul, sendo um grande polo econ\u00f4mico e regional, com franco crescimento industrial.<\/p>\n<figure id=\"attachment_505294\" aria-describedby=\"caption-attachment-505294\" style=\"width: 1024px\" class=\"wp-caption aligncenter\"><figcaption id=\"caption-attachment-505294\" class=\"wp-caption-text\"><em>Aeroporto de Dourados (Foto: Saul Schramm)<\/em><\/figcaption><\/figure>\n<p>\u201cExcelente not\u00edcia. Novos voos de Mato Grosso do Sul para o principal aeroporto do Brasil, que \u00e9 Guarulhos, com destinos para o Brasil e o mundo inteiro. A partir de setembro dois novos voos para Bonito (direto de Guarulhos). J\u00e1 em Dourados fico muito feliz que depois de um longo tempo de recupera\u00e7\u00e3o do aeroporto, tr\u00eas novos voos Dourados-Guarulhos a partir de 8 de setembro operados pela Latam\u201d, afirmou o governador Eduardo Riedel.<\/p>\n<p>O head de assuntos p\u00fablicos da Latam Brasil, Eduardo Macedo, destacou a participa\u00e7\u00e3o e atua\u00e7\u00e3o da empresa no Estado, que est\u00e1 em ascens\u00e3o. &#8220;Aumentar a conectividade do Mato Grosso do Sul \u00e9 importante para a economia e o turismo local, e a Latam tem enorme satisfa\u00e7\u00e3o em poder contribuir com novas rotas a\u00e9reas para o Estado. Atualmente, a Latam j\u00e1 oferece voos diretos de Campo Grande para os aeroportos de Congonhas e Guarulhos, em S\u00e3o Paulo, e para Bras\u00edlia, por\u00e9m as novas rotas chegam para otimizar o acesso a essas importantes cidades do interior&#8221;.<\/p>\n<p>Por meio do aeroporto de Guarulhos, principal hub da Latam, as cidades de Bonito e Dourados estar\u00e3o conectadas a mais de 50 aeroportos em todo o Brasil e a 90 no exterior. Esta boa not\u00edcia para Mato Grosso do Sul vai somar ao cen\u00e1rio de grandes investimentos estaduais para qualificar o setor aerovi\u00e1rio do Estado, com reformas e constru\u00e7\u00f5es de novos aeroportos. Isto aumenta a conectividade a estes dois importantes destinos tur\u00edsticos e econ\u00f4micos do MS.<\/p>\n<p><em>Leonardo Rocha, Comunica\u00e7\u00e3o do Governo de MS<\/em><br \/><em>Foto: Arquivo\/Secom (Aeroporto de Bonito)<\/em><\/p>\n<\/div>\n","protected":false},"excerpt":{"rendered":"<p>Com ambiente positivo de neg\u00f3cios e investimento do Estado em infraestrutura e log\u00edstica, a empresa \u00e1rea Latam anunciou que come\u00e7ara<\/p>\n","protected":false},"author":1,"featured_media":0,"comment_status":"","ping_status":"","sticky":false,"template":"","format":"standard","meta":{"colormag_page_container_layout":"default_layout","colormag_page_sidebar_layout":"default_layout","footnotes":""},"categories":[1],"tags":[],"class_list":["post-49347","post","type-post","status-publish","format-standard","hentry","category-sem-categoria"],"_links":{"self":[{"href":"https:\/\/euvivoaselecao.com.br\/index.php\/wp-json\/wp\/v2\/posts\/49347","targetHints":{"allow":["GET"]}}],"collection":[{"href":"https:\/\/euvivoaselecao.com.br\/index.php\/wp-json\/wp\/v2\/posts"}],"about":[{"href":"https:\/\/euvivoaselecao.com.br\/index.php\/wp-json\/wp\/v2\/types\/post"}],"author":[{"embeddable":true,"href":"https:\/\/euvivoaselecao.com.br\/index.php\/wp-json\/wp\/v2\/users\/1"}],"replies":[{"embeddable":true,"href":"https:\/\/euvivoaselecao.com.br\/index.php\/wp-json\/wp\/v2\/comments?post=49347"}],"version-history":[{"count":0,"href":"https:\/\/euvivoaselecao.com.br\/index.php\/wp-json\/wp\/v2\/posts\/49347\/revisions"}],"wp:attachment":[{"href":"https:\/\/euvivoaselecao.com.br\/index.php\/wp-json\/wp\/v2\/media?parent=49347"}],"wp:term":[{"taxonomy":"category","embeddable":true,"href":"https:\/\/euvivoaselecao.com.br\/index.php\/wp-json\/wp\/v2\/categories?post=49347"},{"taxonomy":"post_tag","embeddable":true,"href":"https:\/\/euvivoaselecao.com.br\/index.php\/wp-json\/wp\/v2\/tags?post=49347"}],"curies":[{"name":"wp","href":"https:\/\/api.w.org\/{rel}","templated":true}]}}