{"id":49354,"date":"2025-05-09T13:04:49","date_gmt":"2025-05-09T16:04:49","guid":{"rendered":"https:\/\/euvivoaselecao.com.br\/index.php\/2025\/05\/09\/secretaria-de-educacao-de-joao-pessoa-participa-de-curso-sobre-escola-em-tempo-integral\/"},"modified":"2025-05-09T13:04:49","modified_gmt":"2025-05-09T16:04:49","slug":"secretaria-de-educacao-de-joao-pessoa-participa-de-curso-sobre-escola-em-tempo-integral","status":"publish","type":"post","link":"https:\/\/euvivoaselecao.com.br\/index.php\/2025\/05\/09\/secretaria-de-educacao-de-joao-pessoa-participa-de-curso-sobre-escola-em-tempo-integral\/","title":{"rendered":"Secretaria de Educa\u00e7\u00e3o de Jo\u00e3o Pessoa participa de curso sobre Escola em Tempo Integral"},"content":{"rendered":"<p><\/p>\n<div>\n<p>A semana foi de aprendizagem e troca de experi\u00eancias para profissionais da Secretaria de Educa\u00e7\u00e3o e Cultura de Jo\u00e3o Pessoa (Sedec-JP). Nesta sexta-feira (9), a secret\u00e1ria executiva da Sedec, Luciana Dias, e o gestor do Programa das Escolas Integrais da pasta, participaram do encontro presencial do Curso de Forma\u00e7\u00e3o Continuada do Programa \u2018Escola em Tempo Integral\u2019, do Governo Federal. O encontro aconteceu no Centro de Forma\u00e7\u00e3o de Professores da Para\u00edba, em Mangabeira.<\/p>\n<figure class=\"wp-block-gallery has-nested-images columns-default is-cropped wp-block-gallery-1 is-layout-flex wp-block-gallery-is-layout-flex\">\n<figure class=\"wp-block-image size-large\"><\/figure>\n<\/figure>\n<p>O principal objetivo do encontro \u00e9 foi capacitar os t\u00e9cnicos e secret\u00e1rios de Educa\u00e7\u00e3o municipal e estadual para a elabora\u00e7\u00e3o da Pol\u00edtica de Educa\u00e7\u00e3o Integral que ser\u00e1 submetida \u00e0 aprova\u00e7\u00e3o do Conselho Municipal, onde, a partir da\u00ed, se torna uma pol\u00edtica permanente para que n\u00e3o haja mais descontinuidade.<\/p>\n<p>\u201cEssa forma\u00e7\u00e3o vem, cada vez mais, consolidar e firmar a import\u00e2ncia das escolas integrais. Estamos com os nossos t\u00e9cnicos, pedagogos da secretaria, participando para fomentar e ampliar na nossa Rede a Escola Integral, na abertura de novas vagas, para que cada vez mais a educa\u00e7\u00e3o seja fomentada e a comunidade seja atendida. Esse curso faz com que os t\u00e9cnicos aprendam e desenvolvam suas potencialidades para acolher e tratar os assuntos relacionados \u00e0 Escola Integral e, com isso, podermos atingir a meta seis dessa amplia\u00e7\u00e3o das Escolas Integrais\u201d, disse a secret\u00e1ria executiva.<\/p>\n<figure class=\"wp-block-gallery has-nested-images columns-default is-cropped wp-block-gallery-2 is-layout-flex wp-block-gallery-is-layout-flex\">\n<figure class=\"wp-block-image size-large\"><\/figure>\n<figure class=\"wp-block-image size-large\"><\/figure>\n<figure class=\"wp-block-image size-large\"><\/figure>\n<\/figure>\n<p>Os profissionais participaram de uma mesa redonda com o tema \u2018Pol\u00edtica de Educa\u00e7\u00e3o Integral em N\u00edvel Municipal: avan\u00e7os, desafios e possibilidades\u2019, mediado pela professora Maria Margarete de Lima, da Universidade Federal da Para\u00edba (UFPB).<\/p>\n<p>O Curso de Forma\u00e7\u00e3o Continuada para t\u00e9cnicos e secret\u00e1rios de Educa\u00e7\u00e3o acontece em todo o Brasil. Aqui na Para\u00edba \u00e9 coordenado por Orlandil Moreira, da UFPB, junto com a Universidade Federal da Bahia, que coordena a regi\u00e3o Nordeste.<\/p>\n<p>\u201cEsse curso, que s\u00e3o 100 horas, acontece em dois encontros presenciais. O pr\u00f3ximo ser\u00e1 em agosto. Nesse primeiro encontro apresentamos o curso e os m\u00f3dulos, al\u00e9m da mesa redonda. No turno da tarde teremos uma outra mesa redonda. Desta vez sobre a quest\u00e3o da execu\u00e7\u00e3o financeira, do recurso que chega nas secretarias municipais de Educa\u00e7\u00e3o e do Estado para a execu\u00e7\u00e3o da amplia\u00e7\u00e3o das matr\u00edculas em Tempo Integral\u201d, explicou Orlandil Moreira.<\/p>\n<\/p><\/div>\n","protected":false},"excerpt":{"rendered":"<p>A semana foi de aprendizagem e troca de experi\u00eancias para profissionais da Secretaria de Educa\u00e7\u00e3o e Cultura de Jo\u00e3o Pessoa<\/p>\n","protected":false},"author":1,"featured_media":0,"comment_status":"","ping_status":"","sticky":false,"template":"","format":"standard","meta":{"colormag_page_container_layout":"default_layout","colormag_page_sidebar_layout":"default_layout","footnotes":""},"categories":[1],"tags":[],"class_list":["post-49354","post","type-post","status-publish","format-standard","hentry","category-sem-categoria"],"_links":{"self":[{"href":"https:\/\/euvivoaselecao.com.br\/index.php\/wp-json\/wp\/v2\/posts\/49354","targetHints":{"allow":["GET"]}}],"collection":[{"href":"https:\/\/euvivoaselecao.com.br\/index.php\/wp-json\/wp\/v2\/posts"}],"about":[{"href":"https:\/\/euvivoaselecao.com.br\/index.php\/wp-json\/wp\/v2\/types\/post"}],"author":[{"embeddable":true,"href":"https:\/\/euvivoaselecao.com.br\/index.php\/wp-json\/wp\/v2\/users\/1"}],"replies":[{"embeddable":true,"href":"https:\/\/euvivoaselecao.com.br\/index.php\/wp-json\/wp\/v2\/comments?post=49354"}],"version-history":[{"count":0,"href":"https:\/\/euvivoaselecao.com.br\/index.php\/wp-json\/wp\/v2\/posts\/49354\/revisions"}],"wp:attachment":[{"href":"https:\/\/euvivoaselecao.com.br\/index.php\/wp-json\/wp\/v2\/media?parent=49354"}],"wp:term":[{"taxonomy":"category","embeddable":true,"href":"https:\/\/euvivoaselecao.com.br\/index.php\/wp-json\/wp\/v2\/categories?post=49354"},{"taxonomy":"post_tag","embeddable":true,"href":"https:\/\/euvivoaselecao.com.br\/index.php\/wp-json\/wp\/v2\/tags?post=49354"}],"curies":[{"name":"wp","href":"https:\/\/api.w.org\/{rel}","templated":true}]}}