{"id":49359,"date":"2025-05-09T14:29:27","date_gmt":"2025-05-09T17:29:27","guid":{"rendered":"https:\/\/euvivoaselecao.com.br\/index.php\/2025\/05\/09\/confira-mais-pontos-do-acerto-entre-vasco-e-fernando-diniz\/"},"modified":"2025-05-09T14:29:27","modified_gmt":"2025-05-09T17:29:27","slug":"confira-mais-pontos-do-acerto-entre-vasco-e-fernando-diniz","status":"publish","type":"post","link":"https:\/\/euvivoaselecao.com.br\/index.php\/2025\/05\/09\/confira-mais-pontos-do-acerto-entre-vasco-e-fernando-diniz\/","title":{"rendered":"Confira mais pontos do acerto entre Vasco e Fernando Diniz"},"content":{"rendered":"<p><\/p>\n<div>Aline Nastari @alinenastari<\/p>\n<p>\ud83d\udea8 Diniz e Vasco<\/p>\n<p>6 pontos do acerto entre as partes relatadas no v\u00eddeo anterior e j\u00e1<\/p>\n<p>publicadas via @TNTSportsBR:<\/p>\n<p>1- Contrato ate 2026 com multa de sa\u00edda 4 sal\u00e1rios ainda esse ano, 3 a partir do ano que vem que vai diminuindo com o passar dos meses\n<\/p>\n<p>2- Aceitou diminuir consideravelmente a sua primeira pedida, ainda que tenha acertado por um valor consider\u00e1vel diante do mercado de treinadores. O aceite foi pelo carinho com Vasco e vontade de trabalhar com Pedrinho que sempre deixou claro o respeito por seu trabalho\n<\/p>\n<p>3- A tend\u00eancia \u00e9 que Diniz chegue domingo e j\u00e1 acompanhe o time na viagem de segunda pra enfrentar Lan\u00fas na ter\u00e7a pela sul-americana\n<\/p>\n<p>4- Ricardo Cobalchini, ex auxiliar de Abel Braga e Evandro Fornari,  ex auxiliar do Tiago Nunes ser\u00e3o os novos auxiliares, sem Eduardo Barros que deixou o posto ap\u00f3s trabalho no Cruzeiro pra ser treinador. Segue com Wagner Bertelli como preparador f\u00edsico.\n<\/p>\n<p>5- Para al\u00e9m do jogo, um dos motivos que fez com que Diniz fosse a prioridade do Vasco foi a ideia de que ele pode ajudar fora de campo, resgatando a confian\u00e7a desse grupo.\n<\/p>\n<p>6- Se mostrou otimista com o trabalho a ser desempenhado no Vasco e deixou isso claro. N\u00e3o saiu mal em 2021, tinha consci\u00eancia que o combinado, permanecer na s\u00e9rie A, n\u00e3o tinha sido cumprido.\n<\/p>\n<p>Fonte: X da jornalista Aline Nastari\/TNT Sports\n<\/p>\n<p>TNT Sports BR @TNTSportsBR<\/p>\n<p>TUDO SOBRE O ACERTO DE DINIZ E VASCO! \ud83e\udd1d A @alinenastari trouxe todos os detalhes do acerto do treinador com o cruzmaltino.\n<\/p>\n<p><center><\/center><\/p>\n<p>Fonte: X TNT Sports BR<\/p>\n<\/div>\n<p><script async defer crossorigin=\"anonymous\" src=\"https:\/\/connect.facebook.net\/pt_BR\/sdk.js#xfbml=1&amp;version=v12.0&amp;appId=114327694422&amp;autoLogAppEvents=1\" nonce=\"4kp7RAsD\"><\/script><\/p>\n","protected":false},"excerpt":{"rendered":"<p>Aline Nastari @alinenastari \ud83d\udea8 Diniz e Vasco 6 pontos do acerto entre as partes relatadas no v\u00eddeo anterior e j\u00e1<\/p>\n","protected":false},"author":1,"featured_media":0,"comment_status":"","ping_status":"","sticky":false,"template":"","format":"standard","meta":{"colormag_page_container_layout":"default_layout","colormag_page_sidebar_layout":"default_layout","footnotes":""},"categories":[1],"tags":[],"class_list":["post-49359","post","type-post","status-publish","format-standard","hentry","category-sem-categoria"],"_links":{"self":[{"href":"https:\/\/euvivoaselecao.com.br\/index.php\/wp-json\/wp\/v2\/posts\/49359","targetHints":{"allow":["GET"]}}],"collection":[{"href":"https:\/\/euvivoaselecao.com.br\/index.php\/wp-json\/wp\/v2\/posts"}],"about":[{"href":"https:\/\/euvivoaselecao.com.br\/index.php\/wp-json\/wp\/v2\/types\/post"}],"author":[{"embeddable":true,"href":"https:\/\/euvivoaselecao.com.br\/index.php\/wp-json\/wp\/v2\/users\/1"}],"replies":[{"embeddable":true,"href":"https:\/\/euvivoaselecao.com.br\/index.php\/wp-json\/wp\/v2\/comments?post=49359"}],"version-history":[{"count":0,"href":"https:\/\/euvivoaselecao.com.br\/index.php\/wp-json\/wp\/v2\/posts\/49359\/revisions"}],"wp:attachment":[{"href":"https:\/\/euvivoaselecao.com.br\/index.php\/wp-json\/wp\/v2\/media?parent=49359"}],"wp:term":[{"taxonomy":"category","embeddable":true,"href":"https:\/\/euvivoaselecao.com.br\/index.php\/wp-json\/wp\/v2\/categories?post=49359"},{"taxonomy":"post_tag","embeddable":true,"href":"https:\/\/euvivoaselecao.com.br\/index.php\/wp-json\/wp\/v2\/tags?post=49359"}],"curies":[{"name":"wp","href":"https:\/\/api.w.org\/{rel}","templated":true}]}}