{"id":49409,"date":"2025-05-10T00:18:54","date_gmt":"2025-05-10T03:18:54","guid":{"rendered":"https:\/\/euvivoaselecao.com.br\/index.php\/2025\/05\/10\/emocao-em-dobro-maes-celebram-a-chegada-de-seus-bebes-no-hospital-iguassu\/"},"modified":"2025-05-10T00:18:54","modified_gmt":"2025-05-10T03:18:54","slug":"emocao-em-dobro-maes-celebram-a-chegada-de-seus-bebes-no-hospital-iguassu","status":"publish","type":"post","link":"https:\/\/euvivoaselecao.com.br\/index.php\/2025\/05\/10\/emocao-em-dobro-maes-celebram-a-chegada-de-seus-bebes-no-hospital-iguassu\/","title":{"rendered":"Emo\u00e7\u00e3o em dobro: m\u00e3es celebram a chegada de seus beb\u00eas no Hospital Iguass\u00fa"},"content":{"rendered":"<p><\/p>\n<div id=\"post_34479\">\n<header>\n<h2>Emo\u00e7\u00e3o em dobro: m\u00e3es celebram a chegada de seus beb\u00eas no Hospital Iguass\u00fa<\/h2>\n<h4>\n                <em><br \/>\n                    <time class=\"text-muted\" datetime=\"09-05-2025\">09 de maio de 2025<\/time><br \/>\n                <\/em><br \/>\n            <\/h4>\n<\/header>\n<section>\n<p style=\"text-align: justify;\"><span style=\"font-weight: 400;\">A emo\u00e7\u00e3o de ser m\u00e3e pela segunda vez contagiou Nahla Gomes de Souza, de 30 anos, ao dar \u00e0 luz a Cec\u00edlia na \u00faltima ter\u00e7a-feira (6), no Hospital Iguass\u00fa Maternidade Mariana Bulh\u00f5es. Tudo se tornou ainda mais especial por acontecer na semana que antecede ao Dia das M\u00e3es. Seu \u00fanico pensamento \u00e9 comemorar este momento ao lado das duas filhas.\u00a0<\/span><\/p>\n<p style=\"text-align: justify;\"><span style=\"font-weight: 400;\">\u201cEsse Dia das M\u00e3es vai ser diferente de todos os outros que j\u00e1 tive. Ter minhas duas filhas comigo, uma rec\u00e9m-nascida nos bra\u00e7os e a outra correndo pela casa, \u00e9 a maior alegria que eu poderia ter. \u00c9 um amor que s\u00f3 cresce\u201d, destacou Nahla.\u00a0<\/span><\/p>\n<p style=\"text-align: justify;\"><span style=\"font-weight: 400;\">Al\u00e9m da simbologia da data, o nascimento de Cec\u00edlia refor\u00e7ou os la\u00e7os da fam\u00edlia com a Maternidade Mariana Bulh\u00f5es. Em 2017, Nahla tamb\u00e9m deu \u00e0 luz sua primog\u00eanita, Valentina Gomes, hoje com 7 anos, no antigo pr\u00e9dio da maternidade.<\/span><\/p>\n<p style=\"text-align: justify;\"><span style=\"font-weight: 400;\">\u201cCriamos uma rela\u00e7\u00e3o afetiva com a Maternidade. Tanto da primeira vez, quanto dessa fui muito bem assistida. Por isso fiz quest\u00e3o que a Cec\u00edlia nascesse no mesmo hospital que a irm\u00e3\u201d, comentou Nahla.\u00a0<\/span><\/p>\n<\/p>\n<p style=\"text-align: justify;\"><span style=\"font-weight: 400;\">Outra m\u00e3e que viveu essa emo\u00e7\u00e3o foi Larissa Vasconcelos, de 23 anos. Seu segundo filho, Levi, nasceu na quarta-feira (7), tamb\u00e9m no Hospital Iguass\u00fa. Assim como Nahla, Larissa teve sua primeira filha, Yelena, de 1 ano e 9 meses, na antiga unidade da maternidade.<\/span><\/p>\n<p style=\"text-align: justify;\"><span style=\"font-weight: 400;\">\u201cA gente aprende muito de um filho para o outro. Hoje me sinto mais segura, mais madura e determinada. Com a Yelena, tudo era novidade. Agora, com o Levi, consigo aproveitar cada momento com mais calma e confian\u00e7a, sabendo exatamente o que quero oferecer aos meus filhos\u201d, explicou Larissa.<\/span><\/p>\n<p style=\"text-align: justify;\"><span style=\"font-weight: 400;\">Para registrar a chegada na semana que antecede essa data especial, o Hospital Iguass\u00fa promoveu um ensaio Mam\u00e3e e Beb\u00ea em homenagem ao Dia das M\u00e3es. As pacientes que tiveram seus filhos nesta semana foram convidadas para irem ao est\u00fadio fotogr\u00e1fico da unidade para receberem lembrancinhas e realizarem um ensaio com seus beb\u00eas. Todas as fotos s\u00e3o disponibilizadas, de maneira digital e gratuita, para os familiares logo ap\u00f3s a alta hospitalar.<\/span><\/p>\n<\/p>\n<\/section><\/div>\n","protected":false},"excerpt":{"rendered":"<p>Emo\u00e7\u00e3o em dobro: m\u00e3es celebram a chegada de seus beb\u00eas no Hospital Iguass\u00fa 09 de maio de 2025 A emo\u00e7\u00e3o<\/p>\n","protected":false},"author":1,"featured_media":0,"comment_status":"","ping_status":"","sticky":false,"template":"","format":"standard","meta":{"colormag_page_container_layout":"default_layout","colormag_page_sidebar_layout":"default_layout","footnotes":""},"categories":[1],"tags":[],"class_list":["post-49409","post","type-post","status-publish","format-standard","hentry","category-sem-categoria"],"_links":{"self":[{"href":"https:\/\/euvivoaselecao.com.br\/index.php\/wp-json\/wp\/v2\/posts\/49409","targetHints":{"allow":["GET"]}}],"collection":[{"href":"https:\/\/euvivoaselecao.com.br\/index.php\/wp-json\/wp\/v2\/posts"}],"about":[{"href":"https:\/\/euvivoaselecao.com.br\/index.php\/wp-json\/wp\/v2\/types\/post"}],"author":[{"embeddable":true,"href":"https:\/\/euvivoaselecao.com.br\/index.php\/wp-json\/wp\/v2\/users\/1"}],"replies":[{"embeddable":true,"href":"https:\/\/euvivoaselecao.com.br\/index.php\/wp-json\/wp\/v2\/comments?post=49409"}],"version-history":[{"count":0,"href":"https:\/\/euvivoaselecao.com.br\/index.php\/wp-json\/wp\/v2\/posts\/49409\/revisions"}],"wp:attachment":[{"href":"https:\/\/euvivoaselecao.com.br\/index.php\/wp-json\/wp\/v2\/media?parent=49409"}],"wp:term":[{"taxonomy":"category","embeddable":true,"href":"https:\/\/euvivoaselecao.com.br\/index.php\/wp-json\/wp\/v2\/categories?post=49409"},{"taxonomy":"post_tag","embeddable":true,"href":"https:\/\/euvivoaselecao.com.br\/index.php\/wp-json\/wp\/v2\/tags?post=49409"}],"curies":[{"name":"wp","href":"https:\/\/api.w.org\/{rel}","templated":true}]}}