{"id":49436,"date":"2025-05-10T06:37:37","date_gmt":"2025-05-10T09:37:37","guid":{"rendered":"https:\/\/euvivoaselecao.com.br\/index.php\/2025\/05\/10\/prefeitura-promove-3o-festival-esportivo-e-recreativo-para-pessoas-com-deficiencia\/"},"modified":"2025-05-10T06:37:37","modified_gmt":"2025-05-10T09:37:37","slug":"prefeitura-promove-3o-festival-esportivo-e-recreativo-para-pessoas-com-deficiencia","status":"publish","type":"post","link":"https:\/\/euvivoaselecao.com.br\/index.php\/2025\/05\/10\/prefeitura-promove-3o-festival-esportivo-e-recreativo-para-pessoas-com-deficiencia\/","title":{"rendered":"Prefeitura promove 3\u00ba Festival Esportivo e Recreativo para Pessoas com Defici\u00eancia"},"content":{"rendered":"<p><\/p>\n<div>\n<p>A Prefeitura de Jo\u00e3o Pessoa segue comprometida em construir uma cidade mais inclusiva. Neste s\u00e1bado (10), a Secretaria de Juventude, Esporte e Recrea\u00e7\u00e3o (Sejer) promove o 3\u00ba Festival Esportivo e Recreativo para Pessoas com Defici\u00eancia. O evento, que faz parte do programa \u2018Esporte Sem Limites\u2019, ser\u00e1 realizado no Gin\u00e1sio de Esportes Neuza Gon\u00e7alves Brand\u00e3o, no bairro dos Banc\u00e1rios, a partir das 8h.<\/p>\n<figure class=\"wp-block-gallery has-nested-images columns-default is-cropped wp-block-gallery-1 is-layout-flex wp-block-gallery-is-layout-flex\">\n<figure class=\"wp-block-image size-large\"><\/figure>\n<figure class=\"wp-block-image size-large\"><\/figure>\n<\/figure>\n<p>\u201cO festival tem a finalidade de evidenciar \u00e0s crian\u00e7as, jovens e adultos que o esporte \u00e9 uma forma de melhorar a condi\u00e7\u00e3o de vida, conseguir reconhecimento na sociedade e ampliar a pr\u00e1tica regular e saud\u00e1vel de atividades f\u00edsicas. Queremos atrav\u00e9s deste evento que pessoas com qualquer tipo de defici\u00eancia vivenciem o esporte e o percebam como uma ferramenta capaz de fortalecer a autoestima e o bem-estar\u201d, explicou F\u00e1bio Farias, gerente do Paradesporto da Sejer.<\/p>\n<p>O programa \u2018Esportes Sem Limites\u2019 tem como objetivo proporcionar momentos de integra\u00e7\u00e3o, divers\u00e3o e desenvolvimento de habilidades motoras e cognitivas para crian\u00e7as, jovens e adultos com defici\u00eancia.<\/p>\n<p>O projeto atende aproximadamente 100 pessoas, e o festival vai ter a participa\u00e7\u00e3o de crian\u00e7as, jovens e adultos, nas defici\u00eancias f\u00edsica, intelectual, auditiva e visual. O evento contar\u00e1 com diversas modalidades esportivas, incluindo Futsal, Futebol de 5, Goalball, Dan\u00e7a, Jiu-jitsu, Bocha e Handebol, e ter\u00e1 o envolvimento de sete Centros de Refer\u00eancia de Inclus\u00e3o para Pessoas com Defici\u00eancia.<\/p>\n<p><strong>Atividades:<br \/><\/strong>Futsal (defici\u00eancia intelectual)<\/p>\n<p>Futebol de 5 (defici\u00eancia visual)<\/p>\n<p>Goalball (defici\u00eancia visual)<\/p>\n<p>Dan\u00e7a, Jiu-jitsu e Bocha (defici\u00eancias f\u00edsica e intelectual)<\/p>\n<p>Futsal (defici\u00eancia intelectual \u2013 Apae e Pestalozzi)<\/p>\n<p>Futsal (defici\u00eancia auditiva)<\/p>\n<p>Handebol (defici\u00eancia intelectual)<\/p>\n<p><strong>Atividades na \u00e1rea externa:<\/strong><\/p>\n<p>Recrea\u00e7\u00e3o para as crian\u00e7as<\/p>\n<p><strong>Entidades participantes:<\/strong><\/p>\n<p>Instituto dos Cegos da Para\u00edba<\/p>\n<p>Associa\u00e7\u00e3o Pestalozzi da Para\u00edba<\/p>\n<p>Associa\u00e7\u00e3o dos Surdos de Jo\u00e3o \u00a0\u00a0\u00a0\u00a0\u00a0\u00a0\u00a0\u00a0 Pessoa<\/p>\n<p>Centro de Refer\u00eancia da Pessoa com Defici\u00eancia<\/p>\n<p>Coordenadoria da Pessoa com Defici\u00eancia (PMJP)<\/p>\n<p>Funda\u00e7\u00e3o Centro Integrado de Apoio \u00e0 Pessoa com Defici\u00eancia (Funad)<\/p>\n<p>Associa\u00e7\u00e3o de Pais e Amigos de Excepcionais (Apae)<\/p>\n<p>Funda\u00e7\u00e3o Campe\u00f5es do Amanh\u00e3 (parajiu-jitsu)<\/p>\n<\/p><\/div>\n","protected":false},"excerpt":{"rendered":"<p>A Prefeitura de Jo\u00e3o Pessoa segue comprometida em construir uma cidade mais inclusiva. Neste s\u00e1bado (10), a Secretaria de Juventude,<\/p>\n","protected":false},"author":1,"featured_media":0,"comment_status":"","ping_status":"","sticky":false,"template":"","format":"standard","meta":{"colormag_page_container_layout":"default_layout","colormag_page_sidebar_layout":"default_layout","footnotes":""},"categories":[1],"tags":[],"class_list":["post-49436","post","type-post","status-publish","format-standard","hentry","category-sem-categoria"],"_links":{"self":[{"href":"https:\/\/euvivoaselecao.com.br\/index.php\/wp-json\/wp\/v2\/posts\/49436","targetHints":{"allow":["GET"]}}],"collection":[{"href":"https:\/\/euvivoaselecao.com.br\/index.php\/wp-json\/wp\/v2\/posts"}],"about":[{"href":"https:\/\/euvivoaselecao.com.br\/index.php\/wp-json\/wp\/v2\/types\/post"}],"author":[{"embeddable":true,"href":"https:\/\/euvivoaselecao.com.br\/index.php\/wp-json\/wp\/v2\/users\/1"}],"replies":[{"embeddable":true,"href":"https:\/\/euvivoaselecao.com.br\/index.php\/wp-json\/wp\/v2\/comments?post=49436"}],"version-history":[{"count":0,"href":"https:\/\/euvivoaselecao.com.br\/index.php\/wp-json\/wp\/v2\/posts\/49436\/revisions"}],"wp:attachment":[{"href":"https:\/\/euvivoaselecao.com.br\/index.php\/wp-json\/wp\/v2\/media?parent=49436"}],"wp:term":[{"taxonomy":"category","embeddable":true,"href":"https:\/\/euvivoaselecao.com.br\/index.php\/wp-json\/wp\/v2\/categories?post=49436"},{"taxonomy":"post_tag","embeddable":true,"href":"https:\/\/euvivoaselecao.com.br\/index.php\/wp-json\/wp\/v2\/tags?post=49436"}],"curies":[{"name":"wp","href":"https:\/\/api.w.org\/{rel}","templated":true}]}}