{"id":50691,"date":"2025-05-22T18:29:02","date_gmt":"2025-05-22T21:29:02","guid":{"rendered":"https:\/\/euvivoaselecao.com.br\/index.php\/2025\/05\/22\/governo-de-ms-avanca-na-saude-digital-com-telediagnostico-em-oftalmologia-agencia-de-noticias-do-governo-de-mato-grosso-do-sul\/"},"modified":"2025-05-22T18:29:02","modified_gmt":"2025-05-22T21:29:02","slug":"governo-de-ms-avanca-na-saude-digital-com-telediagnostico-em-oftalmologia-agencia-de-noticias-do-governo-de-mato-grosso-do-sul","status":"publish","type":"post","link":"https:\/\/euvivoaselecao.com.br\/index.php\/2025\/05\/22\/governo-de-ms-avanca-na-saude-digital-com-telediagnostico-em-oftalmologia-agencia-de-noticias-do-governo-de-mato-grosso-do-sul\/","title":{"rendered":"Governo de MS avan\u00e7a na sa\u00fade digital com telediagn\u00f3stico em oftalmologia \u2013 Ag\u00eancia de Noticias do Governo de Mato Grosso do Sul"},"content":{"rendered":"<p><\/p>\n<div>\n<p>O Governo de Mato Grosso do Sul avan\u00e7a na sa\u00fade digital com a nova tecnologia do telediagn\u00f3stico em teleoftalmologia-retinografia. A iniciativa desenvolvida pela SES (Secretaria de Estado de Sa\u00fade), por meio da Superintend\u00eancia de Sa\u00fade Digital e Coordenadoria de Telessa\u00fade, visa melhorar o diagn\u00f3stico e acompanhamento de doen\u00e7as oculares, com abordagem na preven\u00e7\u00e3o e identifica\u00e7\u00e3o de patologias que causam a cegueira, como glaucoma, retinopatia diab\u00e9tica, catarata e DMRI (Degenera\u00e7\u00e3o Macular Relacionada \u00e0 Idade).<\/p>\n<p>Em parceria com o N\u00facleo Telessa\u00fade Goi\u00e1s (NUTT-UFG), o N\u00facleo Telessa\u00fade realiza a Campanha de Detec\u00e7\u00e3o das Principais Causas de Cegueira, levando uma equipe itinerante at\u00e9 os munic\u00edpios. Para isso, a SES adquiriu dois aparelhos de \u00faltima gera\u00e7\u00e3o, o Eyer2 by Phelcom, que proporciona exames mais r\u00e1pidos e eficientes. Com isso, a sa\u00fade digital se fortalece como ferramenta essencial para reduzir dist\u00e2ncias e levar assist\u00eancia especializada a quem mais precisa.<\/p>\n<div id=\"gallery-1\" class=\"gallery galleryid-511119 gallery-columns-2 gallery-size-large\">\n<figure class=\"gallery-item\">\n<div class=\"gallery-icon landscape\"><\/div>\n<\/figure>\n<figure class=\"gallery-item\">\n<div class=\"gallery-icon landscape\"><\/div>\n<\/figure><\/div>\n<p>O foco da campanha s\u00e3o pessoas diab\u00e9ticas com mais de 12 anos, hipertensas e quem tem mais de 60 anos, grupos que precisam de aten\u00e7\u00e3o redobrada quando se trata de sa\u00fade dos olhos. Ap\u00f3s os exames, os laudos s\u00e3o liberados em at\u00e9 30 dias, garantindo agilidade e seguran\u00e7a para os pacientes e as equipes de sa\u00fade.<\/p>\n<p>A teleoftalmologia-retinografia permite a realiza\u00e7\u00e3o de exames de retina a dist\u00e2ncia, por meio de um retin\u00f3grafo port\u00e1til acoplado a um smartphone. As imagens do fundo de olho s\u00e3o enviadas por meio de plataforma de teleoftalmologia-retinografia em Goi\u00e2nia, sendo os exames avaliados e laudados por oftalmologistas vinculados a Oferta Nacional de Teleoftalmologia-Retinografia \/UFG.<\/p>\n<p>A t\u00e9cnica do n\u00facleo de Telessa\u00fade da SES, enfermeira Kely Centuri\u00e3o, esclareceu que nos exames s\u00e3o avaliados a retina, o fundo de olho, o nervo \u00f3ptico e a parte externa do olho. \u201cTrouxemos \u00e0 popula\u00e7\u00e3o o servi\u00e7o de telediagn\u00f3stico de retina, onde realizamos exames detalhados da vis\u00e3o dos pacientes. Desta forma, os m\u00e9dicos especialistas da Oferta Nacional laudam esses exames e indicam condutas m\u00e9dicas necess\u00e1rias para cada caso, devolvendo esse cuidado \u00e0 APS (Aten\u00e7\u00e3o Prim\u00e1ria \u00e0 Sa\u00fade). Estamos totalmente empenhados em proporcionar o melhor atendimento \u00e0 popula\u00e7\u00e3o do nosso Estado\u201d, destaca.<\/p>\n<p>De acordo com a superintendente de Sa\u00fade Digital da SES, M\u00e1rcia Tomasi, a ades\u00e3o do N\u00facleo de Telessa\u00fade de Mato Grosso do Sul (SSD\/SES) foi aprovada pelo Departamento de Sa\u00fade Digital &#8211; SEIDIGI\/Minist\u00e9rio da Sa\u00fade e pela Oferta Nacional de Teleoftalmologia-Retinografia\/UFG. A implementa\u00e7\u00e3o seguiu uma metodologia baseada em campanhas, com o envio de equipes t\u00e9cnicas aos munic\u00edpios com maior demanda, conforme levantamento realizado pela SES, pela \u00e1rea t\u00e9cnica da Assist\u00eancia \u00e0 Sa\u00fade (SAS\/SES), com apoio da Fiocruz (Funda\u00e7\u00e3o Oswaldo Cruz), o qual identificou as regi\u00f5es com maior concentra\u00e7\u00e3o de pacientes diab\u00e9ticos e portadores de doen\u00e7as cr\u00f4nicas \u2014 grupo mais propenso ao desenvolvimento de complica\u00e7\u00f5es oculares.<\/p>\n<p>\u201cNesse sentido foi realizado um levantamento detalhado para identificar os munic\u00edpios com as maiores propor\u00e7\u00f5es de pacientes diab\u00e9ticos e hipertensos em rela\u00e7\u00e3o \u00e0 popula\u00e7\u00e3o total. A partir desses dados, direcionamos as campanhas de preven\u00e7\u00e3o da cegueira para as localidades com maior necessidade, garantindo que um n\u00famero maior de pessoas tenha acesso a esse servi\u00e7o essencial, \u201d explicou M\u00e1rcia Tomasi.<\/p>\n<p>De fevereiro a maio deste ano a Campanha percorreu os munic\u00edpios de Terenos, Bandeirantes, Nova Alvorada do Sul, Caracol e Guia Lopes da Laguna totalizando 243 exames realizados. A gerente de telediagn\u00f3stico da SES, Paola Carvalho, enfatiza que sele\u00e7\u00e3o dos primeiros munic\u00edpios foi feita com base em dados como a preval\u00eancia de hipertensos e diab\u00e9ticos. Contudo, o servi\u00e7o est\u00e1 aberto para outros munic\u00edpios interessados, que devem preencher o formul\u00e1rio dispon\u00edvel no site do Telessa\u00fade MS e agendar a visita com a equipe que realiza os procedimentos.<\/p>\n<p>\u201cMais do que usar tecnologia por si s\u00f3, o que o Governo do Estado e a SES est\u00e3o fazendo \u00e9 usar a inova\u00e7\u00e3o para garantir mais acesso, equidade e preven\u00e7\u00e3o em sa\u00fade. Esse tipo de a\u00e7\u00e3o mostra como o Mato Grosso do Sul est\u00e1 avan\u00e7ando na constru\u00e7\u00e3o de uma sa\u00fade digital de verdade, conectada com as necessidades reais da popula\u00e7\u00e3o\u201d, avalia a gerente de Telediagn\u00f3stico do Telessa\u00fade MS.<\/p>\n<p>Com \u00eanfase na preven\u00e7\u00e3o e no acompanhamento cont\u00ednuo dos pacientes, o servi\u00e7o visa democratizar o acesso \u00e0 sa\u00fade ocular em locais com infraestrutura limitada, contribuindo para a melhoria da qualidade de vida e a redu\u00e7\u00e3o de filas de espera.<\/p>\n<p><em>Helton Davis, Comunica\u00e7\u00e3o SES<\/em><br \/><em>Fotos: Helton Davis<\/em><\/p>\n<\/div>\n","protected":false},"excerpt":{"rendered":"<p>O Governo de Mato Grosso do Sul avan\u00e7a na sa\u00fade digital com a nova tecnologia do telediagn\u00f3stico em teleoftalmologia-retinografia. A<\/p>\n","protected":false},"author":1,"featured_media":0,"comment_status":"","ping_status":"","sticky":false,"template":"","format":"standard","meta":{"colormag_page_container_layout":"default_layout","colormag_page_sidebar_layout":"default_layout","footnotes":""},"categories":[1],"tags":[],"class_list":["post-50691","post","type-post","status-publish","format-standard","hentry","category-sem-categoria"],"_links":{"self":[{"href":"https:\/\/euvivoaselecao.com.br\/index.php\/wp-json\/wp\/v2\/posts\/50691","targetHints":{"allow":["GET"]}}],"collection":[{"href":"https:\/\/euvivoaselecao.com.br\/index.php\/wp-json\/wp\/v2\/posts"}],"about":[{"href":"https:\/\/euvivoaselecao.com.br\/index.php\/wp-json\/wp\/v2\/types\/post"}],"author":[{"embeddable":true,"href":"https:\/\/euvivoaselecao.com.br\/index.php\/wp-json\/wp\/v2\/users\/1"}],"replies":[{"embeddable":true,"href":"https:\/\/euvivoaselecao.com.br\/index.php\/wp-json\/wp\/v2\/comments?post=50691"}],"version-history":[{"count":0,"href":"https:\/\/euvivoaselecao.com.br\/index.php\/wp-json\/wp\/v2\/posts\/50691\/revisions"}],"wp:attachment":[{"href":"https:\/\/euvivoaselecao.com.br\/index.php\/wp-json\/wp\/v2\/media?parent=50691"}],"wp:term":[{"taxonomy":"category","embeddable":true,"href":"https:\/\/euvivoaselecao.com.br\/index.php\/wp-json\/wp\/v2\/categories?post=50691"},{"taxonomy":"post_tag","embeddable":true,"href":"https:\/\/euvivoaselecao.com.br\/index.php\/wp-json\/wp\/v2\/tags?post=50691"}],"curies":[{"name":"wp","href":"https:\/\/api.w.org\/{rel}","templated":true}]}}