{"id":50692,"date":"2025-05-22T18:30:03","date_gmt":"2025-05-22T21:30:03","guid":{"rendered":"https:\/\/euvivoaselecao.com.br\/index.php\/2025\/05\/22\/renato-brito-fala-sobre-a-age-desta-6a-feira-sobre-a-criacao-da-spe-da-reforma-de-sao-januario-veja-video\/"},"modified":"2025-05-22T18:30:03","modified_gmt":"2025-05-22T21:30:03","slug":"renato-brito-fala-sobre-a-age-desta-6a-feira-sobre-a-criacao-da-spe-da-reforma-de-sao-januario-veja-video","status":"publish","type":"post","link":"https:\/\/euvivoaselecao.com.br\/index.php\/2025\/05\/22\/renato-brito-fala-sobre-a-age-desta-6a-feira-sobre-a-criacao-da-spe-da-reforma-de-sao-januario-veja-video\/","title":{"rendered":"Renato Brito fala sobre a AGE desta 6\u00aa-feira sobre a cria\u00e7\u00e3o da SPE da reforma de S\u00e3o Janu\u00e1rio; veja v\u00eddeo"},"content":{"rendered":"<p><\/p>\n<div>\n<div>\n<p>Renato Brito fala sobre a AGE desta 6\u00aa-feira sobre a cria\u00e7\u00e3o da SPE da reforma de S\u00e3o Janu\u00e1rio; veja v\u00eddeo<\/p>\n<p>Quarta-feira, 21\/05\/2025  \u2013 22:47<\/p>\n<div class=\"corpo\">crvasco_br<\/p>\n<p>O 2\u00ba Vice-Presidente Geral do Vasco da Gama, Renato Brito Neto, fala sobre a AGE, que ser\u00e1 realizada no dia 23\/05, das 9h \u00e0s 19h em formato h\u00edbrido.\n<\/p>\n<p>#VascoDaGama\n<\/p>\n<p><iframe class=\"embed-responsive-item\" allowfullscreen=\"\" sandbox=\"\" src=\"https:\/\/www.netvasco.com.br\/news\/noticias16\/arquivos\/20250521-224757-1-1-.mp4\"><\/iframe><\/p>\n<p>Fonte: Instagram oficial do Vasco<\/p>\n<\/div>\n<\/div>\n<div class=\"sharedaddy sd-block sd-like jetpack-likes-widget-wrapper jetpack-likes-widget-unloaded\" id=\"like-post-wrapper-173292096-75547-682f98698b91f\" data-src=\"https:\/\/widgets.wp.com\/likes\/?ver=14.6#blog_id=173292096&amp;post_id=75547&amp;origin=vasconet.com.br&amp;obj_id=173292096-75547-682f98698b91f\" data-name=\"like-post-frame-173292096-75547-682f98698b91f\" data-title=\"Curtir ou reblogar\">\n<h3 class=\"sd-title\">Curtir isso:<\/h3>\n<p><span class=\"button\"><span>Curtir<\/span><\/span> <span class=\"loading\">Carregando&#8230;<\/span><\/p>\n<p><span class=\"sd-text-color\"><\/span><\/div>\n<\/p>\n<h3 class=\"jp-relatedposts-headline\"><em>Relacionado<\/em><\/h3>\n<p><!-- CONTENT END 2 -->\n<\/div>\n<p><script async defer crossorigin=\"anonymous\" src=\"https:\/\/connect.facebook.net\/pt_BR\/sdk.js#xfbml=1&amp;version=v12.0&amp;appId=114327694422&amp;autoLogAppEvents=1\" nonce=\"4kp7RAsD\"><\/script><\/p>\n","protected":false},"excerpt":{"rendered":"<p>Renato Brito fala sobre a AGE desta 6\u00aa-feira sobre a cria\u00e7\u00e3o da SPE da reforma de S\u00e3o Janu\u00e1rio; veja v\u00eddeo<\/p>\n","protected":false},"author":1,"featured_media":0,"comment_status":"","ping_status":"","sticky":false,"template":"","format":"standard","meta":{"colormag_page_container_layout":"default_layout","colormag_page_sidebar_layout":"default_layout","footnotes":""},"categories":[1],"tags":[],"class_list":["post-50692","post","type-post","status-publish","format-standard","hentry","category-sem-categoria"],"_links":{"self":[{"href":"https:\/\/euvivoaselecao.com.br\/index.php\/wp-json\/wp\/v2\/posts\/50692","targetHints":{"allow":["GET"]}}],"collection":[{"href":"https:\/\/euvivoaselecao.com.br\/index.php\/wp-json\/wp\/v2\/posts"}],"about":[{"href":"https:\/\/euvivoaselecao.com.br\/index.php\/wp-json\/wp\/v2\/types\/post"}],"author":[{"embeddable":true,"href":"https:\/\/euvivoaselecao.com.br\/index.php\/wp-json\/wp\/v2\/users\/1"}],"replies":[{"embeddable":true,"href":"https:\/\/euvivoaselecao.com.br\/index.php\/wp-json\/wp\/v2\/comments?post=50692"}],"version-history":[{"count":0,"href":"https:\/\/euvivoaselecao.com.br\/index.php\/wp-json\/wp\/v2\/posts\/50692\/revisions"}],"wp:attachment":[{"href":"https:\/\/euvivoaselecao.com.br\/index.php\/wp-json\/wp\/v2\/media?parent=50692"}],"wp:term":[{"taxonomy":"category","embeddable":true,"href":"https:\/\/euvivoaselecao.com.br\/index.php\/wp-json\/wp\/v2\/categories?post=50692"},{"taxonomy":"post_tag","embeddable":true,"href":"https:\/\/euvivoaselecao.com.br\/index.php\/wp-json\/wp\/v2\/tags?post=50692"}],"curies":[{"name":"wp","href":"https:\/\/api.w.org\/{rel}","templated":true}]}}