{"id":50694,"date":"2025-05-22T19:11:07","date_gmt":"2025-05-22T22:11:07","guid":{"rendered":"https:\/\/euvivoaselecao.com.br\/index.php\/2025\/05\/22\/meninos-de-abrigo-da-prefeitura-vivem-noite-de-sonho-em-goleada-do-flamengo-no-maracana-prefeitura-da-cidade-do-rio-de-janeiro\/"},"modified":"2025-05-22T19:11:07","modified_gmt":"2025-05-22T22:11:07","slug":"meninos-de-abrigo-da-prefeitura-vivem-noite-de-sonho-em-goleada-do-flamengo-no-maracana-prefeitura-da-cidade-do-rio-de-janeiro","status":"publish","type":"post","link":"https:\/\/euvivoaselecao.com.br\/index.php\/2025\/05\/22\/meninos-de-abrigo-da-prefeitura-vivem-noite-de-sonho-em-goleada-do-flamengo-no-maracana-prefeitura-da-cidade-do-rio-de-janeiro\/","title":{"rendered":"Meninos de abrigo da Prefeitura vivem noite de sonho em goleada do Flamengo no Maracan\u00e3 &#8211; Prefeitura da Cidade do Rio de Janeiro"},"content":{"rendered":"<p><\/p>\n<div wp_automatic_readability=\"89.492284612087\">\n<div class=\"image-post\" wp_automatic_readability=\"35\">\n                     Rubro-negros apaixonados, com idades entre 12 e 17 anos, assistiram ao jogo no Maracan\u00e3. Foto: Divulga\u00e7\u00e3o SMAS                  <\/div>\n<p>Uma parceria entre o projeto Viv\u00eancias, da Secretaria Municipal de Assist\u00eancia Social (SMAS) do Rio, e o programa Na\u00e7\u00e3o no Maraca, do Flamengo, permitiu a realiza\u00e7\u00e3o de um sonho para quatro meninos acolhidos na Unidade de Reinser\u00e7\u00e3o Social (URS) Ang\u00e9lica Goulart, em Del Castilho. Rubro-negros apaixonados, com idades entre 12 e 17 anos, eles assistiram no Maracan\u00e3, com uma vis\u00e3o bem pr\u00f3xima do gramado, \u00e0 vit\u00f3ria do time do cora\u00e7\u00e3o por 4 a 2 sobre o Botafogo-PB, em jogo v\u00e1lido pela terceira fase da Copa do Brasil. A goleada teve um gostinho especial, como se tivesse sido por encomenda: um gol do Flamengo para cada um dos garotos.<\/p>\n<blockquote wp_automatic_readability=\"10\">\n<p>\u2013 Acho que vou sonhar com esse jogo para sempre -, disse, ap\u00f3s o apito final, um dos adolescentes, de 15 anos.<\/p>\n<\/blockquote>\n<p>O encantamento come\u00e7ou logo na chegada, quando os quatro, acompanhados por dois educadores sociais da SMAS, caminhavam pelo acesso \u00e0s arquibancadas do setor Sul. A ilumina\u00e7\u00e3o do anel superior do est\u00e1dio, em vermelho e preto, arrancou suspiros e provocou olhares deslumbrados. \u201c\u00c9 lindo demais\u201d , resumiu outro menino, de 13 anos.<\/p>\n<p>Aos poucos, as cadeiras vazias foram sendo ocupadas, e a atmosfera de pr\u00e9-jogo foi se transformando, embalado pelos cantos da torcida. N\u00e3o demorou, e o Flamengo abriu o placar: os quatro meninos da URS de Del Castilho explodiram de alegria, numa comemora\u00e7\u00e3o que repetiriam mais duas vezes, com s\u00f3 21 minutos do primeiro tempo. Com a vit\u00f3ria assegurada, no segundo tempo ainda teve mais um gol rubro-negro, e a visita ao Maracan\u00e3 n\u00e3o poderia ter sido melhor para os quatro jovens torcedores. Nem os dois golzinhos dos advers\u00e1rios diminu\u00edram o entusiasmo.<\/p>\n<blockquote wp_automatic_readability=\"17\">\n<p>\u2013 O Flamengo est\u00e1 jogando muita coisa -, analisou o adolescente mais velho do grupo, de 17 anos, no papel de comentarista, logo ap\u00f3s o quarto gol, no in\u00edcio da segunda etapa.<\/p>\n<p>\u2013 Est\u00e1 bonito -, apoiou o mais novo, de 12, f\u00e3 dos atacantes Pedro \u2013 autor de um dos gols da noite \u2013 e Arrascaeta.<\/p>\n<\/blockquote>\n<p>Ao fim do jogo, outro menino, de 13, resumiu assim, de jeito muito simples, como foi a noite em que acompanhou pela primeira vez seu time num est\u00e1dio de futebol:<\/p>\n<blockquote wp_automatic_readability=\"6\">\n<p>\u2013 O Flamengo est\u00e1 no meu cora\u00e7\u00e3o, hoje mais ainda do que antes.<\/p>\n<\/blockquote>\n<p>At\u00e9 para os educadores sociais experi\u00eancias assim s\u00e3o marcantes.<\/p>\n<blockquote wp_automatic_readability=\"13\">\n<p>\u2013 \u00c9 muito emocionante para n\u00f3s tamb\u00e9m, quando a gente v\u00ea a alegria dos garotos em estar no Maracan\u00e3. Tomara que a gente traga muitas outras turmas\u201d, comentou Edmilson Alexandre da Silva, que j\u00e1 tinha estado com outro grupo da SMAS no est\u00e1dio. \u201cFaz bem aos meninos, faz bem a todos n\u00f3s -, definiu a tamb\u00e9m educadora social Laudic\u00e9ia Fagundes.<\/p>\n<\/blockquote>\n<p><strong>Sobre o Projeto Viv\u00eancias<\/strong><\/p>\n<p>O Projeto Viv\u00eancias, da Secretaria Municipal de Assist\u00eancia Social (SMAS) do Rio de Janeiro, oferece oportunidades de acesso \u00e0 cultura, ao lazer e \u00e0 divers\u00e3o para pessoas em situa\u00e7\u00e3o de vulnerabilidade social. A iniciativa leva usu\u00e1rios dos servi\u00e7os da SMAS \u2013 crian\u00e7as, adolescentes, adultos ou idosos \u2013 a diferentes locais da cidade, numa tentativa de promover nesses indiv\u00edduos o sentimento de pertencimento. A ideia \u00e9 apresentar a essas pessoas espa\u00e7os de entretenimento e aprendizagem que eles dificilmente conheceriam por conta pr\u00f3pria. Al\u00e9m de democratizar o acesso, o projeto refor\u00e7a a autoestima dos acolhidos e busca promover a integra\u00e7\u00e3o deles com a sociedade.<\/p>\n<p><strong>Sobre o Na\u00e7\u00e3o no Maraca<\/strong><\/p>\n<p>Criada em 2022, a a\u00e7\u00e3o \u201cNa\u00e7\u00e3o no Maraca\u201d, segundo o site oficial do Flamengo, \u201cfaz parte da agenda de inclus\u00e3o social do clube\u201d e \u201ctem como objetivo democratizar o acesso e despertar o senso de pertencimento para grupos socialmente vulner\u00e1veis\u201d. Ainda de acordo com o Flamengo, a a\u00e7\u00e3o \u201creflete o impacto transformador que o esporte pode ter na vida das pessoas, refor\u00e7ando o papel social dos clubes al\u00e9m das quatro linhas\u201d.<\/p>\n<p>             <!-- Compartilhe ---><\/p>\n<p>\t\t\t <!-- TAGS --><\/p>\n<section class=\"category-tags\">\n<div class=\"marcacao-category\">\n<article class=\"category-post\">\n<p>Categoria: <\/p>\n<\/article>\n<li>22 de maio de 2025<\/li><\/div>\n<article class=\"tags\">\n\t\t\t\t\tMarca\u00e7\u00f5es: Del Castilho Flamengo Maracan\u00e3 Unidade de Reinser\u00e7\u00e3o Social URS<br \/><\/article>\n<\/section>\n<p>            <!-- Mais Not&iacute;cias --><\/p>\n<p>\t\t<!-- Conte&uacute;do SIDEBAR --><\/p><\/div>\n","protected":false},"excerpt":{"rendered":"<p>Rubro-negros apaixonados, com idades entre 12 e 17 anos, assistiram ao jogo no Maracan\u00e3. Foto: Divulga\u00e7\u00e3o SMAS Uma parceria entre<\/p>\n","protected":false},"author":1,"featured_media":0,"comment_status":"","ping_status":"","sticky":false,"template":"","format":"standard","meta":{"colormag_page_container_layout":"default_layout","colormag_page_sidebar_layout":"default_layout","footnotes":""},"categories":[1],"tags":[],"class_list":["post-50694","post","type-post","status-publish","format-standard","hentry","category-sem-categoria"],"_links":{"self":[{"href":"https:\/\/euvivoaselecao.com.br\/index.php\/wp-json\/wp\/v2\/posts\/50694","targetHints":{"allow":["GET"]}}],"collection":[{"href":"https:\/\/euvivoaselecao.com.br\/index.php\/wp-json\/wp\/v2\/posts"}],"about":[{"href":"https:\/\/euvivoaselecao.com.br\/index.php\/wp-json\/wp\/v2\/types\/post"}],"author":[{"embeddable":true,"href":"https:\/\/euvivoaselecao.com.br\/index.php\/wp-json\/wp\/v2\/users\/1"}],"replies":[{"embeddable":true,"href":"https:\/\/euvivoaselecao.com.br\/index.php\/wp-json\/wp\/v2\/comments?post=50694"}],"version-history":[{"count":0,"href":"https:\/\/euvivoaselecao.com.br\/index.php\/wp-json\/wp\/v2\/posts\/50694\/revisions"}],"wp:attachment":[{"href":"https:\/\/euvivoaselecao.com.br\/index.php\/wp-json\/wp\/v2\/media?parent=50694"}],"wp:term":[{"taxonomy":"category","embeddable":true,"href":"https:\/\/euvivoaselecao.com.br\/index.php\/wp-json\/wp\/v2\/categories?post=50694"},{"taxonomy":"post_tag","embeddable":true,"href":"https:\/\/euvivoaselecao.com.br\/index.php\/wp-json\/wp\/v2\/tags?post=50694"}],"curies":[{"name":"wp","href":"https:\/\/api.w.org\/{rel}","templated":true}]}}