{"id":50699,"date":"2025-05-22T20:16:03","date_gmt":"2025-05-22T23:16:03","guid":{"rendered":"https:\/\/euvivoaselecao.com.br\/index.php\/2025\/05\/22\/gm-rio-promove-palestra-sobre-conscientizacao-e-combate-a-homofobia-e-a-lgbtfobia-prefeitura-da-cidade-do-rio-de-janeiro\/"},"modified":"2025-05-22T20:16:03","modified_gmt":"2025-05-22T23:16:03","slug":"gm-rio-promove-palestra-sobre-conscientizacao-e-combate-a-homofobia-e-a-lgbtfobia-prefeitura-da-cidade-do-rio-de-janeiro","status":"publish","type":"post","link":"https:\/\/euvivoaselecao.com.br\/index.php\/2025\/05\/22\/gm-rio-promove-palestra-sobre-conscientizacao-e-combate-a-homofobia-e-a-lgbtfobia-prefeitura-da-cidade-do-rio-de-janeiro\/","title":{"rendered":"GM-Rio promove palestra sobre conscientiza\u00e7\u00e3o e combate \u00e0 homofobia e a LGBTFobia &#8211; Prefeitura da Cidade do Rio de Janeiro"},"content":{"rendered":"<p><\/p>\n<div id=\"main\">\n<div class=\"wrapper-breadcrumbs\" wp_automatic_readability=\"46.325989672978\">\n<div class=\"image-post\" wp_automatic_readability=\"32\">\n                     O encontro foi promovido pela Diretoria de Recursos Humanos &#8211; Divulga\u00e7\u00e3o                  <\/div>\n<p>Comandantes de unidades operacionais e guardas municipais participaram, nesta quinta-feira (22\/5), de uma palestra de conscientiza\u00e7\u00e3o e combate \u00e0 homofobia e a LGBTFobia. O encontro foi promovido pela Diretoria de Recursos Humanos (DRH), no audit\u00f3rio da Academia de Ensino, na sede da Guarda Municipal, em S\u00e3o Crist\u00f3v\u00e3o, em alus\u00e3o a data de 17 de maio, que \u00e9 o Dia Internacional contra a LGBTfobia. A data foi escolhida porque nesse dia, em 1990, a Organiza\u00e7\u00e3o Mundial de Sa\u00fade (OMS) excluiu a homossexualidade da Classifica\u00e7\u00e3o Internacional de Doen\u00e7as (CID), reconhecendo como parte da diversidade humana.<\/p>\n<p>O tema foi debatido pelo diretor de Defesa da Diversidade da OAB-RJ, N\u00e9lio Georgini. Tamb\u00e9m participaram do encontro integrantes do programa GM sem preconceito, o diretor de Recursos Humanos, inspetor regional Gilson Bento; e o comandante da Guarda Municipal do Rio (GM-Rio), inspetor geral Jos\u00e9 Ricardo Soares, que deu as boas-vindas ao palestrante e destacou a import\u00e2ncia de se debater sobre o tema dentro da institui\u00e7\u00e3o.<\/p>\n<p>Antes da palestra, o guarda municipal Jordan Lessa fez uma apresenta\u00e7\u00e3o do programa GM sem Preconceito, criado em 2016 com o objetivo de promover a\u00e7\u00f5es para combater e conscientizar o efetivo sobre viol\u00eancias que ainda s\u00e3o muito presentes na sociedade brasileira, para estimular a\u00e7\u00f5es individuais e coletivas contra atitudes preconceituosas e desumanas.<\/p>\n<p>Durante a palestra, o convidado especial N\u00e9lio Georgini frisou sobre a import\u00e2ncia do respeito e da empatia, que s\u00e3o fundamentais para combater as diversas formas de preconceito. Ao longo do encontro, o palestrante abordou ainda a decis\u00e3o do Supremo Tribunal Federal (STF), que equiparou ofensas contra pessoas LGBTQIA+ a inj\u00faria racial. Por fim, ele destacou a import\u00e2ncia do respeito que todos devem ter com o pr\u00f3ximo, por isso o conhecimento \u00e9 importante. A compreens\u00e3o \u00e9 o primeiro passo para poder lidar de maneira adequada com as diversas realidades que se apresentam no dia a dia, como diversidade social, cultural, et\u00e1ria, \u00e9tnica, religiosa, identidade de g\u00eanero, entre outras.<\/p>\n<p>             <!-- Compartilhe ---><\/p>\n<p>\t\t\t <!-- TAGS --><\/p>\n<section class=\"category-tags\">\n<article class=\"tags\">\n\t\t\t\t\tMarca\u00e7\u00f5es: Conscientiza\u00e7\u00e3o Guarda Municipal homofobia LGBTFobia Palestra<br \/><\/article>\n<\/section>\n<p>            <!-- Mais Not&iacute;cias --><\/p>\n<p>\t\t<!-- Conte&uacute;do SIDEBAR --><\/p><\/div>\n<\/p><\/div>\n","protected":false},"excerpt":{"rendered":"<p>O encontro foi promovido pela Diretoria de Recursos Humanos &#8211; Divulga\u00e7\u00e3o Comandantes de unidades operacionais e guardas municipais participaram, nesta<\/p>\n","protected":false},"author":1,"featured_media":0,"comment_status":"","ping_status":"","sticky":false,"template":"","format":"standard","meta":{"colormag_page_container_layout":"default_layout","colormag_page_sidebar_layout":"default_layout","footnotes":""},"categories":[1],"tags":[],"class_list":["post-50699","post","type-post","status-publish","format-standard","hentry","category-sem-categoria"],"_links":{"self":[{"href":"https:\/\/euvivoaselecao.com.br\/index.php\/wp-json\/wp\/v2\/posts\/50699","targetHints":{"allow":["GET"]}}],"collection":[{"href":"https:\/\/euvivoaselecao.com.br\/index.php\/wp-json\/wp\/v2\/posts"}],"about":[{"href":"https:\/\/euvivoaselecao.com.br\/index.php\/wp-json\/wp\/v2\/types\/post"}],"author":[{"embeddable":true,"href":"https:\/\/euvivoaselecao.com.br\/index.php\/wp-json\/wp\/v2\/users\/1"}],"replies":[{"embeddable":true,"href":"https:\/\/euvivoaselecao.com.br\/index.php\/wp-json\/wp\/v2\/comments?post=50699"}],"version-history":[{"count":0,"href":"https:\/\/euvivoaselecao.com.br\/index.php\/wp-json\/wp\/v2\/posts\/50699\/revisions"}],"wp:attachment":[{"href":"https:\/\/euvivoaselecao.com.br\/index.php\/wp-json\/wp\/v2\/media?parent=50699"}],"wp:term":[{"taxonomy":"category","embeddable":true,"href":"https:\/\/euvivoaselecao.com.br\/index.php\/wp-json\/wp\/v2\/categories?post=50699"},{"taxonomy":"post_tag","embeddable":true,"href":"https:\/\/euvivoaselecao.com.br\/index.php\/wp-json\/wp\/v2\/tags?post=50699"}],"curies":[{"name":"wp","href":"https:\/\/api.w.org\/{rel}","templated":true}]}}