{"id":50708,"date":"2025-05-22T22:40:57","date_gmt":"2025-05-23T01:40:57","guid":{"rendered":"https:\/\/euvivoaselecao.com.br\/index.php\/2025\/05\/22\/revisao-do-pdi-2024-2029-aberta-consulta-publica-sobre-capitulo-de-gestao-de-pessoas-ifsp\/"},"modified":"2025-05-22T22:40:57","modified_gmt":"2025-05-23T01:40:57","slug":"revisao-do-pdi-2024-2029-aberta-consulta-publica-sobre-capitulo-de-gestao-de-pessoas-ifsp","status":"publish","type":"post","link":"https:\/\/euvivoaselecao.com.br\/index.php\/2025\/05\/22\/revisao-do-pdi-2024-2029-aberta-consulta-publica-sobre-capitulo-de-gestao-de-pessoas-ifsp\/","title":{"rendered":"Revis\u00e3o do PDI 2024-2029: aberta consulta p\u00fablica sobre cap\u00edtulo de Gest\u00e3o de Pessoas &#8211; IFSP"},"content":{"rendered":"<p><\/p>\n<div>\n<div class=\"subtitle\">\n<p><span style=\"font-weight: 400;\">Comiss\u00e3o espec\u00edfica foi criada para coordenar a revis\u00e3o do plano; comunidade pode enviar contribui\u00e7\u00f5es at\u00e9 28 de maio<\/span><\/p>\n<\/div>\n<p><!-- fim .content-header-options-1 --><\/p>\n<p><span style=\"font-weight: 400;\">O Instituto Federal de S\u00e3o Paulo (IFSP) deu in\u00edcio ao processo da primeira revis\u00e3o do Plano de Desenvolvimento Institucional (PDI) 2024-2029. A a\u00e7\u00e3o cumpre o previsto no cap\u00edtulo 1.7.3 do pr\u00f3prio plano, que estabelece revis\u00f5es em dois momentos: 2025 e 2027. A iniciativa foi formalizada por meio da Resolu\u00e7\u00e3o n\u00ba 42\/2024, aprovada pelo Conselho Superior em 27 de agosto de 2024.<\/span><\/p>\n<p><span style=\"font-weight: 400;\">Seguindo o que determina o <\/span><span style=\"font-weight: 400;\">Comunicado n\u00ba 1\/2025 PRO-PRD\/RET\/IFSP<\/span><span style=\"font-weight: 400;\">, a Diretoria de Gest\u00e3o de Pessoas (DGP-PRD) abriu consulta p\u00fablica para receber sugest\u00f5es da comunidade sobre a primeira revis\u00e3o do cap\u00edtulo de Gest\u00e3o de Pessoas do PDI 2024-2029.<\/span><\/p>\n<p><span style=\"font-weight: 400;\">As pessoas interessadas podem participar do processo analisando a revis\u00e3o realizada e inserindo contribui\u00e7\u00f5es no seguinte formul\u00e1rio:<\/span><\/p>\n<p><span style=\"font-weight: 400;\">O documento pode ser consultado acessando o seguinte link:<\/span><\/p>\n<p><span style=\"font-weight: 400;\">A consulta p\u00fablica representa uma oportunidade para toda a comunidade acad\u00eamica participar ativamente do planejamento institucional do IFSP, contribuindo para a constru\u00e7\u00e3o coletiva de pol\u00edticas que impactam diretamente na qualidade da gest\u00e3o e no futuro da institui\u00e7\u00e3o.<\/span><\/p>\n<\/div>\n","protected":false},"excerpt":{"rendered":"<p>Comiss\u00e3o espec\u00edfica foi criada para coordenar a revis\u00e3o do plano; comunidade pode enviar contribui\u00e7\u00f5es at\u00e9 28 de maio O Instituto<\/p>\n","protected":false},"author":1,"featured_media":0,"comment_status":"","ping_status":"","sticky":false,"template":"","format":"standard","meta":{"colormag_page_container_layout":"default_layout","colormag_page_sidebar_layout":"default_layout","footnotes":""},"categories":[1],"tags":[],"class_list":["post-50708","post","type-post","status-publish","format-standard","hentry","category-sem-categoria"],"_links":{"self":[{"href":"https:\/\/euvivoaselecao.com.br\/index.php\/wp-json\/wp\/v2\/posts\/50708","targetHints":{"allow":["GET"]}}],"collection":[{"href":"https:\/\/euvivoaselecao.com.br\/index.php\/wp-json\/wp\/v2\/posts"}],"about":[{"href":"https:\/\/euvivoaselecao.com.br\/index.php\/wp-json\/wp\/v2\/types\/post"}],"author":[{"embeddable":true,"href":"https:\/\/euvivoaselecao.com.br\/index.php\/wp-json\/wp\/v2\/users\/1"}],"replies":[{"embeddable":true,"href":"https:\/\/euvivoaselecao.com.br\/index.php\/wp-json\/wp\/v2\/comments?post=50708"}],"version-history":[{"count":0,"href":"https:\/\/euvivoaselecao.com.br\/index.php\/wp-json\/wp\/v2\/posts\/50708\/revisions"}],"wp:attachment":[{"href":"https:\/\/euvivoaselecao.com.br\/index.php\/wp-json\/wp\/v2\/media?parent=50708"}],"wp:term":[{"taxonomy":"category","embeddable":true,"href":"https:\/\/euvivoaselecao.com.br\/index.php\/wp-json\/wp\/v2\/categories?post=50708"},{"taxonomy":"post_tag","embeddable":true,"href":"https:\/\/euvivoaselecao.com.br\/index.php\/wp-json\/wp\/v2\/tags?post=50708"}],"curies":[{"name":"wp","href":"https:\/\/api.w.org\/{rel}","templated":true}]}}