{"id":50711,"date":"2025-05-22T23:23:00","date_gmt":"2025-05-23T02:23:00","guid":{"rendered":"https:\/\/euvivoaselecao.com.br\/index.php\/2025\/05\/22\/seminario-discute-programa-espacial-em-sao-jose-dos-campos\/"},"modified":"2025-05-22T23:23:00","modified_gmt":"2025-05-23T02:23:00","slug":"seminario-discute-programa-espacial-em-sao-jose-dos-campos","status":"publish","type":"post","link":"https:\/\/euvivoaselecao.com.br\/index.php\/2025\/05\/22\/seminario-discute-programa-espacial-em-sao-jose-dos-campos\/","title":{"rendered":"Semin\u00e1rio discute programa espacial em S\u00e3o Jos\u00e9 dos Campos"},"content":{"rendered":"<p><\/p>\n<div>\n<p><b>Jos\u00e9 Roberto Amaral<\/b><br \/>&#13;<br \/>\n&#13;<br \/>\n                <span style=\"font-weight: bold;\">Secretaria de Inova\u00e7\u00e3o e Desenvolvimento Econ\u00f4mico<\/span><\/p>\n<p>Um semin\u00e1rio realizado no PIT (Parque de Inova\u00e7\u00e3o Tecnol\u00f3gica) nesta quinta-feira (22) discutiu os desafios e perspectivas do programa espacial brasileiro.<\/p>\n<p>Organizado pela IASS (International Academy of Space Studies), o evento contou com a presen\u00e7a do presidente da AEB (Ag\u00eancia Espacial Brasileira), Marco Antonio Chamon, o diretor do INPE, Antonio Miguel Vieira Monteiro, o chefe do Subdepartamento T\u00e9cnico do DCTA, brigadeiro do ar Alexandre Eduardo Bacelar, entre outras autoridades militares e municipais.<\/p>\n<p>Tamb\u00e9m compuseram a mesa a presidente da IASS, Maria Helena Souza Rolim, e o vice-presidente da entidade, brigadeiro do ar Jos\u00e9 Vagner Vital.<\/p>\n<p>Representantes do consulado de M\u00e9xico e \u00cdndia tamb\u00e9m acompanharam o evento.<\/p>\n<p>Segundo o diretor da AEB, a reuni\u00e3o presencial foi uma \u201cgrande oportunidade para se tra\u00e7ar um panorama atual do programa espacial e suas perspectivas&#8221;.<\/p>\n<p>\u201cA sociedade conhece menos a necessidade de um programa espacial pra o Brasil, pelo tamanho do pa\u00eds. Ent\u00e3o cada vez mais esse tipo de a\u00e7\u00e3o \u00e9 fundamental para se dar visibilidade a esse tema\u201d, afirmou Chamon.<\/p>\n<p>&#13;<br \/>\n                        <strong>MAIS NOT\u00cdCIAS<\/strong><br \/>&#13;<br \/>\n                        Secretaria de Inova\u00e7\u00e3o e Desenvolvimento Econ\u00f4mico&#13;\n                    <\/p>\n<\/p><\/div>\n","protected":false},"excerpt":{"rendered":"<p>Jos\u00e9 Roberto Amaral&#13; &#13; Secretaria de Inova\u00e7\u00e3o e Desenvolvimento Econ\u00f4mico Um semin\u00e1rio realizado no PIT (Parque de Inova\u00e7\u00e3o Tecnol\u00f3gica) nesta<\/p>\n","protected":false},"author":1,"featured_media":0,"comment_status":"","ping_status":"","sticky":false,"template":"","format":"standard","meta":{"colormag_page_container_layout":"default_layout","colormag_page_sidebar_layout":"default_layout","footnotes":""},"categories":[1],"tags":[],"class_list":["post-50711","post","type-post","status-publish","format-standard","hentry","category-sem-categoria"],"_links":{"self":[{"href":"https:\/\/euvivoaselecao.com.br\/index.php\/wp-json\/wp\/v2\/posts\/50711","targetHints":{"allow":["GET"]}}],"collection":[{"href":"https:\/\/euvivoaselecao.com.br\/index.php\/wp-json\/wp\/v2\/posts"}],"about":[{"href":"https:\/\/euvivoaselecao.com.br\/index.php\/wp-json\/wp\/v2\/types\/post"}],"author":[{"embeddable":true,"href":"https:\/\/euvivoaselecao.com.br\/index.php\/wp-json\/wp\/v2\/users\/1"}],"replies":[{"embeddable":true,"href":"https:\/\/euvivoaselecao.com.br\/index.php\/wp-json\/wp\/v2\/comments?post=50711"}],"version-history":[{"count":0,"href":"https:\/\/euvivoaselecao.com.br\/index.php\/wp-json\/wp\/v2\/posts\/50711\/revisions"}],"wp:attachment":[{"href":"https:\/\/euvivoaselecao.com.br\/index.php\/wp-json\/wp\/v2\/media?parent=50711"}],"wp:term":[{"taxonomy":"category","embeddable":true,"href":"https:\/\/euvivoaselecao.com.br\/index.php\/wp-json\/wp\/v2\/categories?post=50711"},{"taxonomy":"post_tag","embeddable":true,"href":"https:\/\/euvivoaselecao.com.br\/index.php\/wp-json\/wp\/v2\/tags?post=50711"}],"curies":[{"name":"wp","href":"https:\/\/api.w.org\/{rel}","templated":true}]}}