{"id":50713,"date":"2025-05-22T23:26:27","date_gmt":"2025-05-23T02:26:27","guid":{"rendered":"https:\/\/euvivoaselecao.com.br\/index.php\/2025\/05\/22\/curso-preparatorio-para-o-encceja-tem-mil-vagas-abertas-no-rio-prefeitura-da-cidade-do-rio-de-janeiro\/"},"modified":"2025-05-22T23:26:27","modified_gmt":"2025-05-23T02:26:27","slug":"curso-preparatorio-para-o-encceja-tem-mil-vagas-abertas-no-rio-prefeitura-da-cidade-do-rio-de-janeiro","status":"publish","type":"post","link":"https:\/\/euvivoaselecao.com.br\/index.php\/2025\/05\/22\/curso-preparatorio-para-o-encceja-tem-mil-vagas-abertas-no-rio-prefeitura-da-cidade-do-rio-de-janeiro\/","title":{"rendered":"Curso preparat\u00f3rio para o Encceja tem mil vagas abertas no Rio &#8211; Prefeitura da Cidade do Rio de Janeiro"},"content":{"rendered":"<p><\/p>\n<div id=\"main\">\n<div class=\"wrapper-breadcrumbs\" wp_automatic_readability=\"26.523674242424\">\n<div wp_automatic_readability=\"11.491712707182\">A Secretaria Municipal de Trabalho e Renda (SMTE) est\u00e1 oferecendo mil vagas em curso preparat\u00f3rio para a prova do Exame Nacional para Certifica\u00e7\u00e3o de Compet\u00eancias de Jovens e Adultos (Encceja) 2025. O curso, com carga hor\u00e1ria de 48h, \u00e9 gratuito. As inscri\u00e7\u00f5es podem ser feitas no link\u00a0https:\/\/www.ifpbrasilcursos.com.br\/encceja\u00a0at\u00e9 o dia 30 de junho.<\/div>\n<p>Para participar, basta apenas ter se inscrito no INEP para fazer a prova do Encceja, que ser\u00e1 realizada no dia 3 de agosto. Na pr\u00f3xima segunda-feira, dia 26\/05, come\u00e7a a primeira turma do curso preparat\u00f3rio. Os interessados podem se inscrever para turmas em dez diferentes pontos da cidade, nos turnos da manh\u00e3, tarde ou noite. As aulas ser\u00e3o dadas no Centro, Tijuca, Jacarepagu\u00e1, Ilha do Governador, Madureira, Higien\u00f3polis, Realengo, Bangu, Santa Cruz e Campo Grande.<\/p>\n<blockquote wp_automatic_readability=\"11\">\n<p>\u2013 No momento da inscri\u00e7\u00e3o, o candidato escolher\u00e1 o bairro e o hor\u00e1rio que deseja fazer o curso. \u00c9 uma \u00f3tima oportunidade para rever todo o conte\u00fado do Ensino M\u00e9dio e chegar \u00e0 prova do INEP bem preparado para obter a t\u00e3o sonhada certifica\u00e7\u00e3o -, explica Charbel Zaib, subsecret\u00e1rio de Trabalho e Qualifica\u00e7\u00e3o da SMTE.<\/p>\n<\/blockquote>\n<p>Durante o curso, os alunos far\u00e3o dois simulados com quest\u00f5es referentes \u00e0s 14 mat\u00e9rias da grade do Ensino M\u00e9dio. A ideia \u00e9 que eles se preparem para ter um bom desempenho na prova do Encceja em agosto.<\/p>\n<p>             <!-- Compartilhe ---><\/p>\n<p>\t\t\t <!-- TAGS --><\/p>\n<section class=\"category-tags\">\n<div class=\"marcacao-category\">\n<article class=\"category-post\">\n<p>Categoria: <\/p>\n<\/article>\n<li>22 de maio de 2025<\/li><\/div>\n<article class=\"tags\">\n\t\t\t\t\tMarca\u00e7\u00f5es: Concurso Emprego Encceja Ensino M\u00e9dio Inep Vagas<br \/><\/article>\n<\/section>\n<p>            <!-- Mais Not&iacute;cias --><\/p>\n<p>\t\t<!-- Conte&uacute;do SIDEBAR --><\/p><\/div>\n<\/p><\/div>\n","protected":false},"excerpt":{"rendered":"<p>A Secretaria Municipal de Trabalho e Renda (SMTE) est\u00e1 oferecendo mil vagas em curso preparat\u00f3rio para a prova do Exame<\/p>\n","protected":false},"author":1,"featured_media":0,"comment_status":"","ping_status":"","sticky":false,"template":"","format":"standard","meta":{"colormag_page_container_layout":"default_layout","colormag_page_sidebar_layout":"default_layout","footnotes":""},"categories":[1],"tags":[],"class_list":["post-50713","post","type-post","status-publish","format-standard","hentry","category-sem-categoria"],"_links":{"self":[{"href":"https:\/\/euvivoaselecao.com.br\/index.php\/wp-json\/wp\/v2\/posts\/50713","targetHints":{"allow":["GET"]}}],"collection":[{"href":"https:\/\/euvivoaselecao.com.br\/index.php\/wp-json\/wp\/v2\/posts"}],"about":[{"href":"https:\/\/euvivoaselecao.com.br\/index.php\/wp-json\/wp\/v2\/types\/post"}],"author":[{"embeddable":true,"href":"https:\/\/euvivoaselecao.com.br\/index.php\/wp-json\/wp\/v2\/users\/1"}],"replies":[{"embeddable":true,"href":"https:\/\/euvivoaselecao.com.br\/index.php\/wp-json\/wp\/v2\/comments?post=50713"}],"version-history":[{"count":0,"href":"https:\/\/euvivoaselecao.com.br\/index.php\/wp-json\/wp\/v2\/posts\/50713\/revisions"}],"wp:attachment":[{"href":"https:\/\/euvivoaselecao.com.br\/index.php\/wp-json\/wp\/v2\/media?parent=50713"}],"wp:term":[{"taxonomy":"category","embeddable":true,"href":"https:\/\/euvivoaselecao.com.br\/index.php\/wp-json\/wp\/v2\/categories?post=50713"},{"taxonomy":"post_tag","embeddable":true,"href":"https:\/\/euvivoaselecao.com.br\/index.php\/wp-json\/wp\/v2\/tags?post=50713"}],"curies":[{"name":"wp","href":"https:\/\/api.w.org\/{rel}","templated":true}]}}