{"id":50714,"date":"2025-05-23T00:04:59","date_gmt":"2025-05-23T03:04:59","guid":{"rendered":"https:\/\/euvivoaselecao.com.br\/index.php\/2025\/05\/23\/sonora-regiao-oeste-tem-a-menor-taxa-de-desemprego-do-estado\/"},"modified":"2025-05-23T00:04:59","modified_gmt":"2025-05-23T03:04:59","slug":"sonora-regiao-oeste-tem-a-menor-taxa-de-desemprego-do-estado","status":"publish","type":"post","link":"https:\/\/euvivoaselecao.com.br\/index.php\/2025\/05\/23\/sonora-regiao-oeste-tem-a-menor-taxa-de-desemprego-do-estado\/","title":{"rendered":"SONORA &#8211; Regi\u00e3o Oeste tem a menor taxa de desemprego do Estado"},"content":{"rendered":"<p><\/p>\n<div>\n<figure class=\"wp-block-audio\"><audio controls=\"\" src=\"https:\/\/estado.sc.gov.br\/noticias\/wp-content\/uploads\/sites\/3\/2025\/05\/SECOM-Sonora-Menor-Taxa-de-Desemprego-do-Estado.mp3\"\/><\/figure>\n<p><span id=\"more-353651\"\/><\/p>\n<p>A Regi\u00e3o Oeste teve a menor taxa de desemprego de Santa Catarina no trimestre encerrado em mar\u00e7o de 2025. O Oeste catarinense n\u00e3o apenas repetiu a lideran\u00e7a do trimestre anterior, encerrado em dezembro de 2024, como tamb\u00e9m melhorou a taxa de desocupa\u00e7\u00e3o, que era de 2,17% e passou para 1,64%. Esse \u00edndice \u00e9 quase a metade\u00a0 do \u00edndice m\u00e9dio do Estado.<\/p>\n<p>Os dados s\u00e3o da Pesquisa Nacional por Amostra de Domic\u00edlios Cont\u00ednua (PNAD Cont\u00ednua), divulgados em maio pelo IBGE. A taxa de desemprego de 3% no Estado foi a menor do pa\u00eds, diante de uma m\u00e9dia nacional de 7%.<\/p>\n<p>A Regi\u00e3o Oeste demonstra lideran\u00e7a, tamb\u00e9m, ao apresentar a menor propor\u00e7\u00e3o de pessoas subutilizadas na for\u00e7a de trabalho de Santa Catarina. Esse dado engloba as pessoas desempregadas, as que trabalham menos horas do que gostariam \u2013 no caso, subocupados \u2013 e as que est\u00e3o dispon\u00edveis para trabalhar mas n\u00e3o est\u00e3o procurando emprego.<\/p>\n<p>A mesorregi\u00e3o Oeste de Santa Catarina \u00e9 composta por 118 munic\u00edpios, agrupados em cinco microrregi\u00f5es. S\u00e3o elas a microrregi\u00e3o de S\u00e3o Miguel do Oeste, de Chapec\u00f3, de Xanxer\u00ea, de Joa\u00e7aba, e a microrregi\u00e3o de Conc\u00f3rdia, conforme divis\u00e3o oficial do IBGE.<\/p>\n<p>Segundo a Diretora de Pol\u00edticas P\u00fablicas da Secretaria de Estado do Planejamento (Seplan), Larissa Borges, esses dados refletem a efetividade do estado na implementa\u00e7\u00e3o de pol\u00edticas p\u00fablicas para melhorias no setor:<\/p>\n<p>SONORA<\/p>\n<p>A PNAD Cont\u00ednua \u00e9 uma das principais ferramentas para an\u00e1lise do mercado de trabalho. O IBGE disponibiliza trimestralmente os dados das Unidades Federativas. A pesquisa informa sobre o n\u00famero de empregados com carteira assinada, taxa de desemprego, rendimento, informalidade e subocupa\u00e7\u00e3o da m\u00e3o de obra.\u00a0<\/p>\n<\/p><\/div>\n","protected":false},"excerpt":{"rendered":"<p>A Regi\u00e3o Oeste teve a menor taxa de desemprego de Santa Catarina no trimestre encerrado em mar\u00e7o de 2025. O<\/p>\n","protected":false},"author":1,"featured_media":0,"comment_status":"","ping_status":"","sticky":false,"template":"","format":"standard","meta":{"colormag_page_container_layout":"default_layout","colormag_page_sidebar_layout":"default_layout","footnotes":""},"categories":[1],"tags":[],"class_list":["post-50714","post","type-post","status-publish","format-standard","hentry","category-sem-categoria"],"_links":{"self":[{"href":"https:\/\/euvivoaselecao.com.br\/index.php\/wp-json\/wp\/v2\/posts\/50714","targetHints":{"allow":["GET"]}}],"collection":[{"href":"https:\/\/euvivoaselecao.com.br\/index.php\/wp-json\/wp\/v2\/posts"}],"about":[{"href":"https:\/\/euvivoaselecao.com.br\/index.php\/wp-json\/wp\/v2\/types\/post"}],"author":[{"embeddable":true,"href":"https:\/\/euvivoaselecao.com.br\/index.php\/wp-json\/wp\/v2\/users\/1"}],"replies":[{"embeddable":true,"href":"https:\/\/euvivoaselecao.com.br\/index.php\/wp-json\/wp\/v2\/comments?post=50714"}],"version-history":[{"count":0,"href":"https:\/\/euvivoaselecao.com.br\/index.php\/wp-json\/wp\/v2\/posts\/50714\/revisions"}],"wp:attachment":[{"href":"https:\/\/euvivoaselecao.com.br\/index.php\/wp-json\/wp\/v2\/media?parent=50714"}],"wp:term":[{"taxonomy":"category","embeddable":true,"href":"https:\/\/euvivoaselecao.com.br\/index.php\/wp-json\/wp\/v2\/categories?post=50714"},{"taxonomy":"post_tag","embeddable":true,"href":"https:\/\/euvivoaselecao.com.br\/index.php\/wp-json\/wp\/v2\/tags?post=50714"}],"curies":[{"name":"wp","href":"https:\/\/api.w.org\/{rel}","templated":true}]}}