{"id":50798,"date":"2025-05-23T19:16:09","date_gmt":"2025-05-23T22:16:09","guid":{"rendered":"https:\/\/euvivoaselecao.com.br\/index.php\/2025\/05\/23\/sonora-sc-levada-a-serio-prefeito-de-ermo-revela-investimento-de-r-5-milhoes-para-o-municipio\/"},"modified":"2025-05-23T19:16:09","modified_gmt":"2025-05-23T22:16:09","slug":"sonora-sc-levada-a-serio-prefeito-de-ermo-revela-investimento-de-r-5-milhoes-para-o-municipio","status":"publish","type":"post","link":"https:\/\/euvivoaselecao.com.br\/index.php\/2025\/05\/23\/sonora-sc-levada-a-serio-prefeito-de-ermo-revela-investimento-de-r-5-milhoes-para-o-municipio\/","title":{"rendered":"SONORA \u2013 SC Levada a S\u00e9rio: prefeito de Ermo revela investimento de R$ 5 milh\u00f5es para o munic\u00edpio"},"content":{"rendered":"<p><\/p>\n<div>\n<figure class=\"wp-block-audio\"><audio controls=\"\" src=\"https:\/\/estado.sc.gov.br\/noticias\/wp-content\/uploads\/sites\/3\/2025\/05\/SECOM-Sonoras-SC-Levada-a-Serio-Prefeito-Ermo.mp3\"\/><\/figure>\n<p><span id=\"more-353872\"\/><\/p>\n<p>O governador Jorginho Mello apresentou nesta sexta, 23, o programa Santa Catarina Levada a S\u00e9rio \u2013 Prestando Contas, em Ararangu\u00e1.<\/p>\n<p>Depois, Jorginho Mello se reuniu com cada um dos prefeitos das cidades da Associa\u00e7\u00e3o dos Munic\u00edpios do Extremo Sul Catarinense.<\/p>\n<p>Ap\u00f3s a conversa individual com o governador, o prefeito de Ermo, Paulo Della Vecchia, destacou investimentos em pavimenta\u00e7\u00e3o e infraestrutura:<\/p>\n<p>SONORA<\/p>\n<\/p><\/div>\n","protected":false},"excerpt":{"rendered":"<p>O governador Jorginho Mello apresentou nesta sexta, 23, o programa Santa Catarina Levada a S\u00e9rio \u2013 Prestando Contas, em Ararangu\u00e1.<\/p>\n","protected":false},"author":1,"featured_media":0,"comment_status":"","ping_status":"","sticky":false,"template":"","format":"standard","meta":{"colormag_page_container_layout":"default_layout","colormag_page_sidebar_layout":"default_layout","footnotes":""},"categories":[1],"tags":[],"class_list":["post-50798","post","type-post","status-publish","format-standard","hentry","category-sem-categoria"],"_links":{"self":[{"href":"https:\/\/euvivoaselecao.com.br\/index.php\/wp-json\/wp\/v2\/posts\/50798","targetHints":{"allow":["GET"]}}],"collection":[{"href":"https:\/\/euvivoaselecao.com.br\/index.php\/wp-json\/wp\/v2\/posts"}],"about":[{"href":"https:\/\/euvivoaselecao.com.br\/index.php\/wp-json\/wp\/v2\/types\/post"}],"author":[{"embeddable":true,"href":"https:\/\/euvivoaselecao.com.br\/index.php\/wp-json\/wp\/v2\/users\/1"}],"replies":[{"embeddable":true,"href":"https:\/\/euvivoaselecao.com.br\/index.php\/wp-json\/wp\/v2\/comments?post=50798"}],"version-history":[{"count":0,"href":"https:\/\/euvivoaselecao.com.br\/index.php\/wp-json\/wp\/v2\/posts\/50798\/revisions"}],"wp:attachment":[{"href":"https:\/\/euvivoaselecao.com.br\/index.php\/wp-json\/wp\/v2\/media?parent=50798"}],"wp:term":[{"taxonomy":"category","embeddable":true,"href":"https:\/\/euvivoaselecao.com.br\/index.php\/wp-json\/wp\/v2\/categories?post=50798"},{"taxonomy":"post_tag","embeddable":true,"href":"https:\/\/euvivoaselecao.com.br\/index.php\/wp-json\/wp\/v2\/tags?post=50798"}],"curies":[{"name":"wp","href":"https:\/\/api.w.org\/{rel}","templated":true}]}}