{"id":50816,"date":"2025-05-23T23:37:54","date_gmt":"2025-05-24T02:37:54","guid":{"rendered":"https:\/\/euvivoaselecao.com.br\/index.php\/2025\/05\/23\/prefeitura-lanca-sao-joao-nas-escolas-municipais-com-foco-na-valorizacao-da-cultura-nordestina\/"},"modified":"2025-05-23T23:37:54","modified_gmt":"2025-05-24T02:37:54","slug":"prefeitura-lanca-sao-joao-nas-escolas-municipais-com-foco-na-valorizacao-da-cultura-nordestina","status":"publish","type":"post","link":"https:\/\/euvivoaselecao.com.br\/index.php\/2025\/05\/23\/prefeitura-lanca-sao-joao-nas-escolas-municipais-com-foco-na-valorizacao-da-cultura-nordestina\/","title":{"rendered":"Prefeitura lan\u00e7a \u2018S\u00e3o Jo\u00e3o nas Escolas Municipais\u2019 com foco na valoriza\u00e7\u00e3o da cultura nordestina"},"content":{"rendered":"<p><\/p>\n<p>A Prefeitura de Jo\u00e3o Pessoa, por meio da Secretaria de Educa\u00e7\u00e3o e Cultura (Sedec), lan\u00e7ou, na tarde desta sexta-feira (23), o primeiro \u2018S\u00e3o Jo\u00e3o nas Escolas Municipais\u2019. O evento, realizado com o envolvimento das 105 escolas e 10 Ninhos do Saber da Rede Municipal de Ensino, marca o in\u00edcio de uma nova tradi\u00e7\u00e3o voltada para a valoriza\u00e7\u00e3o e inclus\u00e3o da cultura popular nordestina no ambiente escolar.<\/p>\n<figure class=\"wp-block-gallery has-nested-images columns-default is-cropped wp-block-gallery-1 is-layout-flex wp-block-gallery-is-layout-flex\">\n<figure class=\"wp-block-image size-large\"><\/figure>\n<figure class=\"wp-block-image size-large\"><\/figure>\n<\/figure>\n<p>O objetivo principal do projeto \u00e9 promover a integra\u00e7\u00e3o entre as unidades de ensino e resgatar as manifesta\u00e7\u00f5es culturais t\u00edpicas do per\u00edodo junino como o forr\u00f3, as dan\u00e7as, os festejos e a valoriza\u00e7\u00e3o de artistas locais, ampliando o repert\u00f3rio cultural dos alunos e refor\u00e7ando a identidade regional.<\/p>\n<p>Para a secret\u00e1ria de Educa\u00e7\u00e3o de Jo\u00e3o Pessoa, Am\u00e9rica Castro, o evento \u00e9 uma rica troca de experi\u00eancias que fortalece a conex\u00e3o entre educa\u00e7\u00e3o e cultura. \u201cEsse evento traz uma grande troca de experi\u00eancias que acontece no dia a dia das nossas unidades. Hoje, estamos fazendo a abertura desse momento que consideramos muito importante. As escolas est\u00e3o se mobilizando para vivenciar a nossa cultura popular. \u00c9 uma jun\u00e7\u00e3o da educa\u00e7\u00e3o com a arte, refletindo a viv\u00eancia do Nordeste atrav\u00e9s do S\u00e3o Jo\u00e3o, que \u00e9 a maior express\u00e3o do nosso forr\u00f3\u201d, destacou.<\/p>\n<p>A secret\u00e1ria executiva de Educa\u00e7\u00e3o, Luciana Dias, ressaltou a import\u00e2ncia do evento como forma de valoriza\u00e7\u00e3o cultural e resgate de tradi\u00e7\u00f5es. \u201cEstamos valorizando a nossa cultura com essa integra\u00e7\u00e3o que j\u00e1 ocorre nas escolas ao longo do ano, mas que ganha um novo significado nesse per\u00edodo junino. \u00c9 uma oportunidade para os professores de arte incentivarem ainda mais nossos alunos a entender e vivenciar a cultura popular\u201d, afirmou.<\/p>\n<figure class=\"wp-block-gallery has-nested-images columns-default is-cropped wp-block-gallery-2 is-layout-flex wp-block-gallery-is-layout-flex\">\n<figure class=\"wp-block-image size-large\"><\/figure>\n<figure class=\"wp-block-image size-large\"><\/figure>\n<figure class=\"wp-block-image size-large\"><\/figure>\n<\/figure>\n<p>A diretora de Ensino e Gest\u00e3o da Sedec, Cl\u00e9via Carvalho, classificou o evento como um marco para a rede municipal. \u201c\u00c9 o primeiro ano desse projeto, que integra arte, cultura e conhecimento dos valores regionais. Trabalhar as nossas ra\u00edzes culturais com os alunos nesse per\u00edodo \u00e9 essencial. \u00c9 um conhecimento que perpassa o curr\u00edculo escolar. Escolhemos o tema \u2018Nordeste: o imenso, o Jo\u00e3o, as pessoas e o popular\u2019 para marcar o in\u00edcio das atividades e refletir a diversidade da nossa cultura\u201d, explicou.<\/p>\n<p>Durante o evento, tamb\u00e9m foi realizada a apresenta\u00e7\u00e3o do grupo cultural Koletivo Tukum\u00e3, formado por professores da rede municipal de ensino: Valberto Bezerra, Josiara Alves, M\u00e1rio In\u00e1cio da Cunha, Ana Cl\u00e1udia Berto, D\u00e9bora Maria, Edson Silva, Marcela Rodrigues e Amanda Bezerra.<\/p>\n<figure class=\"wp-block-gallery has-nested-images columns-default is-cropped wp-block-gallery-3 is-layout-flex wp-block-gallery-is-layout-flex\">\n<figure class=\"wp-block-image size-large\"><\/figure>\n<figure class=\"wp-block-image size-large\"><\/figure>\n<figure class=\"wp-block-image size-large\"><\/figure>\n<\/figure>\n<p>Liderado pela professora D\u00e9bora Rodrigues, o Koletivo Tukum\u00e3 prop\u00f5e uma fus\u00e3o entre m\u00fasica, poesia e teatro, com a miss\u00e3o de tornar a cultura popular acess\u00edvel a todos. \u201cEstamos aqui porque acreditamos na cultura popular. Ela precisa ser vivida, valorizada e difundida. Esse evento \u00e9 um espa\u00e7o de sensibiliza\u00e7\u00e3o, que mobiliza educadores e alunos a conhecerem a import\u00e2ncia de nomes como Marin\u00eas, Luiz Gonzaga e Jackson do Pandeiro. O Koletivo Tukum\u00e3 acredita nessa semente que foi plantada e que n\u00e3o podemos deixar morrer\u201d, frisou.<\/p>\n<p>O \u2018S\u00e3o Jo\u00e3o nas Escolas Municipais\u2019 representa um compromisso da Prefeitura de Jo\u00e3o Pessoa com a valoriza\u00e7\u00e3o da identidade cultural do povo paraibano, criando pontes entre tradi\u00e7\u00e3o e educa\u00e7\u00e3o e promovendo um ensino mais significativo e conectado com a realidade dos alunos.<\/p>\n","protected":false},"excerpt":{"rendered":"<p>A Prefeitura de Jo\u00e3o Pessoa, por meio da Secretaria de Educa\u00e7\u00e3o e Cultura (Sedec), lan\u00e7ou, na tarde desta sexta-feira (23),<\/p>\n","protected":false},"author":1,"featured_media":0,"comment_status":"","ping_status":"","sticky":false,"template":"","format":"standard","meta":{"colormag_page_container_layout":"default_layout","colormag_page_sidebar_layout":"default_layout","footnotes":""},"categories":[1],"tags":[],"class_list":["post-50816","post","type-post","status-publish","format-standard","hentry","category-sem-categoria"],"_links":{"self":[{"href":"https:\/\/euvivoaselecao.com.br\/index.php\/wp-json\/wp\/v2\/posts\/50816","targetHints":{"allow":["GET"]}}],"collection":[{"href":"https:\/\/euvivoaselecao.com.br\/index.php\/wp-json\/wp\/v2\/posts"}],"about":[{"href":"https:\/\/euvivoaselecao.com.br\/index.php\/wp-json\/wp\/v2\/types\/post"}],"author":[{"embeddable":true,"href":"https:\/\/euvivoaselecao.com.br\/index.php\/wp-json\/wp\/v2\/users\/1"}],"replies":[{"embeddable":true,"href":"https:\/\/euvivoaselecao.com.br\/index.php\/wp-json\/wp\/v2\/comments?post=50816"}],"version-history":[{"count":0,"href":"https:\/\/euvivoaselecao.com.br\/index.php\/wp-json\/wp\/v2\/posts\/50816\/revisions"}],"wp:attachment":[{"href":"https:\/\/euvivoaselecao.com.br\/index.php\/wp-json\/wp\/v2\/media?parent=50816"}],"wp:term":[{"taxonomy":"category","embeddable":true,"href":"https:\/\/euvivoaselecao.com.br\/index.php\/wp-json\/wp\/v2\/categories?post=50816"},{"taxonomy":"post_tag","embeddable":true,"href":"https:\/\/euvivoaselecao.com.br\/index.php\/wp-json\/wp\/v2\/tags?post=50816"}],"curies":[{"name":"wp","href":"https:\/\/api.w.org\/{rel}","templated":true}]}}