{"id":50855,"date":"2025-05-24T07:22:28","date_gmt":"2025-05-24T10:22:28","guid":{"rendered":"https:\/\/euvivoaselecao.com.br\/index.php\/2025\/05\/24\/agencia-minas-gerais-lab-mg-capacita-servidores-em-linguagem-simples-na-4a-semana-mineira-de-controle-interno\/"},"modified":"2025-05-24T07:22:28","modified_gmt":"2025-05-24T10:22:28","slug":"agencia-minas-gerais-lab-mg-capacita-servidores-em-linguagem-simples-na-4a-semana-mineira-de-controle-interno","status":"publish","type":"post","link":"https:\/\/euvivoaselecao.com.br\/index.php\/2025\/05\/24\/agencia-minas-gerais-lab-mg-capacita-servidores-em-linguagem-simples-na-4a-semana-mineira-de-controle-interno\/","title":{"rendered":"Ag\u00eancia Minas Gerais | LAB.mg capacita servidores em Linguagem Simples na 4\u00aa Semana Mineira de Controle Interno"},"content":{"rendered":"<p><\/p>\n<div>\n<p>O Laborat\u00f3rio de Inova\u00e7\u00e3o do Governo de Minas (LAB.mg), coordenado pela Secretaria de Estado de Planejamento e Gest\u00e3o (Seplag-MG), promoveu, nesta quinta-feira (22\/5), uma oficina sobre Linguagem Simples na 4\u00aa Semana Mineira de Controle Interno, realizada pela Controladoria-Geral do Estado (CGE-MG), em Belo Horizonte.<\/p>\n<figure class=\"image\" style=\"float:left\">&#13;<figcaption><em><sup>Seplag \/ Divulga\u00e7\u00e3o<\/sup><\/em><\/figcaption>&#13;<br \/>\n<\/figure>\n<p>O objetivo foi capacitar os servidores estaduais para ampliar o entendimento das informa\u00e7\u00f5es governamentais por diferentes p\u00fablicos e fomentar a acessibilidade na comunica\u00e7\u00e3o p\u00fablica.<\/p>\n<p>Para a servidora do LAB.mg que ministrou a oficina, Danielle Apolin\u00e1rio, a atividade evidenciou os benef\u00edcios da Linguagem Simples na promo\u00e7\u00e3o da cidadania.\u00a0<\/p>\n<p>\u201cNosso foco principal \u00e9 aumentar a compreens\u00e3o das informa\u00e7\u00f5es pelas pessoas e apresentar princ\u00edpios norteadores para elaborar ou revisar textos com clareza, promovendo a acessibilidade para diversos p\u00fablicos\u201d, destacou.<\/p>\n<p>A Linguagem Simples \u00e9 um conjunto de boas pr\u00e1ticas de reda\u00e7\u00e3o, que envolvem aspectos gramaticais, organizacionais e reflexivos sobre o processo de escrita. Durante a oficina, foram apresentados princ\u00edpios fundamentais da metodologia, entre eles: adequar o conte\u00fado ao p\u00fablico-alvo, considerando o n\u00edvel de conhecimento dos leitores; utilizar a linguagem como ferramenta de inclus\u00e3o, beneficiando pessoas idosas e aquelas com dificuldades de leitura; diferenciar simplicidade de informalidade, promovendo uma escrita clara e correta, mesmo em contextos formais, sem o uso de g\u00edrias, jarg\u00f5es ou abrevia\u00e7\u00f5es inadequadas.<\/p>\n<p>A programa\u00e7\u00e3o da Semana Mineira de Controle Interno segue at\u00e9 esta sexta-feira (23\/5), reunindo especialistas para discutir tend\u00eancias e boas pr\u00e1ticas nas \u00e1reas de controle, auditoria e governan\u00e7a. O evento tem como p\u00fablico-alvo servidores, gestores, empregados p\u00fablicos, controladores estaduais e municipais, al\u00e9m de representantes da sociedade civil, com foco na capacita\u00e7\u00e3o e no fortalecimento do sistema de controle interno em Minas Gerais.<\/p>\n<p>\u00a0<\/p>\n<\/p><\/div>\n","protected":false},"excerpt":{"rendered":"<p>O Laborat\u00f3rio de Inova\u00e7\u00e3o do Governo de Minas (LAB.mg), coordenado pela Secretaria de Estado de Planejamento e Gest\u00e3o (Seplag-MG), promoveu,<\/p>\n","protected":false},"author":1,"featured_media":0,"comment_status":"","ping_status":"","sticky":false,"template":"","format":"standard","meta":{"colormag_page_container_layout":"default_layout","colormag_page_sidebar_layout":"default_layout","footnotes":""},"categories":[1],"tags":[],"class_list":["post-50855","post","type-post","status-publish","format-standard","hentry","category-sem-categoria"],"_links":{"self":[{"href":"https:\/\/euvivoaselecao.com.br\/index.php\/wp-json\/wp\/v2\/posts\/50855","targetHints":{"allow":["GET"]}}],"collection":[{"href":"https:\/\/euvivoaselecao.com.br\/index.php\/wp-json\/wp\/v2\/posts"}],"about":[{"href":"https:\/\/euvivoaselecao.com.br\/index.php\/wp-json\/wp\/v2\/types\/post"}],"author":[{"embeddable":true,"href":"https:\/\/euvivoaselecao.com.br\/index.php\/wp-json\/wp\/v2\/users\/1"}],"replies":[{"embeddable":true,"href":"https:\/\/euvivoaselecao.com.br\/index.php\/wp-json\/wp\/v2\/comments?post=50855"}],"version-history":[{"count":0,"href":"https:\/\/euvivoaselecao.com.br\/index.php\/wp-json\/wp\/v2\/posts\/50855\/revisions"}],"wp:attachment":[{"href":"https:\/\/euvivoaselecao.com.br\/index.php\/wp-json\/wp\/v2\/media?parent=50855"}],"wp:term":[{"taxonomy":"category","embeddable":true,"href":"https:\/\/euvivoaselecao.com.br\/index.php\/wp-json\/wp\/v2\/categories?post=50855"},{"taxonomy":"post_tag","embeddable":true,"href":"https:\/\/euvivoaselecao.com.br\/index.php\/wp-json\/wp\/v2\/tags?post=50855"}],"curies":[{"name":"wp","href":"https:\/\/api.w.org\/{rel}","templated":true}]}}