{"id":50879,"date":"2025-05-24T12:55:22","date_gmt":"2025-05-24T15:55:22","guid":{"rendered":"https:\/\/euvivoaselecao.com.br\/index.php\/2025\/05\/24\/governador-autoriza-retomada-da-obra-da-ponte-de-ilhas-em-ararangua\/"},"modified":"2025-05-24T12:55:22","modified_gmt":"2025-05-24T15:55:22","slug":"governador-autoriza-retomada-da-obra-da-ponte-de-ilhas-em-ararangua","status":"publish","type":"post","link":"https:\/\/euvivoaselecao.com.br\/index.php\/2025\/05\/24\/governador-autoriza-retomada-da-obra-da-ponte-de-ilhas-em-ararangua\/","title":{"rendered":"Governador autoriza retomada da obra da Ponte de Ilhas em Ararangu\u00e1"},"content":{"rendered":"<p><\/p>\n<div>\n<p><em>Foto: Marllon Legnaghi \/ GOVSC<\/em><\/p>\n<p>O governador Jorginho Mello anunciou nesta sexta-feira, 23, a retomada da obra da ponte de Ilhas, sobre o Rio Ararangu\u00e1, no Sul do estado. A cidade espera h\u00e1 d\u00e9cadas pela estrutura, que vai agilizar o deslocamento na comunidade Herc\u00edlio Luz, que hoje s\u00f3 \u00e9 poss\u00edvel por meio de balsa. O Governo do Estado vai liberar os recursos para a prefeitura realizar a obra, que \u00e9 municipal. O or\u00e7amento previsto \u00e9 de R$ 24 milh\u00f5es.<\/p>\n<p>\u201c\u00c9 aquela coisa: muita gente vem em \u00e9poca de elei\u00e7\u00e3o, promete, promete e depois some. O povo fica, literalmente, a ver navios. Ou melhor: balsa. N\u00f3s estamos passando os recursos para a prefeitura de Ararangu\u00e1 fazer. As pessoas vivem na cidade. Os problemas acontecem na cidade. Ent\u00e3o o governador tem que ser parceiro das prefeituras independentemente de cor partid\u00e1ria. Isso \u00e9 em todas as \u00e1reas e na quest\u00e3o das estradas n\u00e3o \u00e9 diferente, estamos revolucionando o panorama das estradas catarinenses e vamos ser parceiros das prefeituras para conseguir ir mais longe ainda do que j\u00e1 estamos fazendo com o Estrada Boa\u201d, disse o governador Jorginho Mello.<\/p>\n<figure class=\"wp-block-image size-full\"><figcaption class=\"wp-element-caption\"><em>Foto: Marllon Legnaghi \/ GOVSC<\/em><\/figcaption><\/figure>\n<p>O projeto prev\u00ea uma ponte entre a margem direita no Balne\u00e1rio Morro dos Conventos e o per\u00edmetro urbano de Ararangu\u00e1 e a margem esquerda na Comunidade Herc\u00edlio Luz e Balne\u00e1rio Rinc\u00e3o. A obra vai ter 250 metros de extens\u00e3o por 11 metros de largura com duas pistas de rolamento e um passeio para pedestres, tudo em concreto armado. Tamb\u00e9m est\u00e3o previstos servi\u00e7os de aterro armado para acesso \u00e0 ponte, a chamada cabeceira, al\u00e9m de ilumina\u00e7\u00e3o p\u00fablica em LED.<\/p>\n<p>\u201c\u00c9 uma liga\u00e7\u00e3o importante. Come\u00e7ou alguns anos atr\u00e1s, mas houve muito problema. O governador Jorginho Mello determinou que a gente pudesse auxiliar e agora ele anunciou o novo conv\u00eanio de R$ 24 milh\u00f5es para que o munic\u00edpio licite e consiga concluir a obra\u201d, explicou o secret\u00e1rio adjunto de Estado da Infraestrutura e Mobilidade, Ricardo Grando.<\/p>\n<\/p><\/div>\n","protected":false},"excerpt":{"rendered":"<p>Foto: Marllon Legnaghi \/ GOVSC O governador Jorginho Mello anunciou nesta sexta-feira, 23, a retomada da obra da ponte de<\/p>\n","protected":false},"author":1,"featured_media":0,"comment_status":"","ping_status":"","sticky":false,"template":"","format":"standard","meta":{"colormag_page_container_layout":"default_layout","colormag_page_sidebar_layout":"default_layout","footnotes":""},"categories":[1],"tags":[],"class_list":["post-50879","post","type-post","status-publish","format-standard","hentry","category-sem-categoria"],"_links":{"self":[{"href":"https:\/\/euvivoaselecao.com.br\/index.php\/wp-json\/wp\/v2\/posts\/50879","targetHints":{"allow":["GET"]}}],"collection":[{"href":"https:\/\/euvivoaselecao.com.br\/index.php\/wp-json\/wp\/v2\/posts"}],"about":[{"href":"https:\/\/euvivoaselecao.com.br\/index.php\/wp-json\/wp\/v2\/types\/post"}],"author":[{"embeddable":true,"href":"https:\/\/euvivoaselecao.com.br\/index.php\/wp-json\/wp\/v2\/users\/1"}],"replies":[{"embeddable":true,"href":"https:\/\/euvivoaselecao.com.br\/index.php\/wp-json\/wp\/v2\/comments?post=50879"}],"version-history":[{"count":0,"href":"https:\/\/euvivoaselecao.com.br\/index.php\/wp-json\/wp\/v2\/posts\/50879\/revisions"}],"wp:attachment":[{"href":"https:\/\/euvivoaselecao.com.br\/index.php\/wp-json\/wp\/v2\/media?parent=50879"}],"wp:term":[{"taxonomy":"category","embeddable":true,"href":"https:\/\/euvivoaselecao.com.br\/index.php\/wp-json\/wp\/v2\/categories?post=50879"},{"taxonomy":"post_tag","embeddable":true,"href":"https:\/\/euvivoaselecao.com.br\/index.php\/wp-json\/wp\/v2\/tags?post=50879"}],"curies":[{"name":"wp","href":"https:\/\/api.w.org\/{rel}","templated":true}]}}