{"id":50898,"date":"2025-05-24T17:53:09","date_gmt":"2025-05-24T20:53:09","guid":{"rendered":"https:\/\/euvivoaselecao.com.br\/index.php\/2025\/05\/24\/em-visita-ao-porto-de-imbituba-governador-inaugura-centro-tecnologico-de-gerenciamento-e-anuncia-investimentos\/"},"modified":"2025-05-24T17:53:09","modified_gmt":"2025-05-24T20:53:09","slug":"em-visita-ao-porto-de-imbituba-governador-inaugura-centro-tecnologico-de-gerenciamento-e-anuncia-investimentos","status":"publish","type":"post","link":"https:\/\/euvivoaselecao.com.br\/index.php\/2025\/05\/24\/em-visita-ao-porto-de-imbituba-governador-inaugura-centro-tecnologico-de-gerenciamento-e-anuncia-investimentos\/","title":{"rendered":"Em visita ao Porto de Imbituba, governador inaugura centro tecnol\u00f3gico de gerenciamento e anuncia investimentos"},"content":{"rendered":"<p><\/p>\n<div>\n<p><em>Foto: Eduardo Valente \/GOVSC<\/em><\/p>\n<p>O governador de Santa Catarina, Jorginho Mello, liderou neste s\u00e1bado, 24, uma s\u00e9rie de atos e an\u00fancios de melhorias e obras para a cidade e para o Porto de Imbituba, dando continuidade \u00e0 agenda oficial da comitiva estadual pelo Sul catarinense. O ato contou com a presen\u00e7a do diretor-presidente do Porto de Imbituba, Christiano Lopes, do secret\u00e1rio de Estado de Portos, Aeroportos e Ferrovias, Beto Martins, do prefeito de Imbituba, Michell Nunes, al\u00e9m de outras autoridades municipais e estaduais.<\/p>\n<p>Durante a visita, o governador Jorginho Mello destacou a relev\u00e2ncia do porto para o crescimento da regi\u00e3o. \u201cO Porto de Imbituba \u00e9 um orgulho para Santa Catarina. Estamos acompanhando de perto as obras e as a\u00e7\u00f5es que v\u00e3o aumentar a competitividade, gerar empregos e impulsionar o desenvolvimento econ\u00f4mico da nossa regi\u00e3o. O Governo do Estado \u00e9 parceiro de todas iniciativas que tragam progresso\u201d, afirmou o governador.<\/p>\n<figure class=\"wp-block-image size-full\"><figcaption class=\"wp-element-caption\"><em>Foto: Eduardo Valente \/GOVSC<\/em><\/figcaption><\/figure>\n<p>O governador inaugurou o novo Data Center do porto. A estrutura conta com os melhores e mais modernos equipamentos que hoje existem no mercado. O Data Center processa e armazenam todas as informa\u00e7\u00f5es do ecossistema portu\u00e1rio. Tamb\u00e9m houve a assinatura do regulamento do Programa de Participa\u00e7\u00e3o nos Resultados (PPR) dos colaboradores da SCPAR Porto de Imbituba.<\/p>\n<p>Al\u00e9m disso, foi realizada uma vistoria nas obras de derrocagem no Ber\u00e7o 1 e da segunda fase de amplia\u00e7\u00e3o do Ber\u00e7os 2 e 3. Ser\u00e3o realizadas melhorias no acesso vi\u00e1rio, incluindo a instala\u00e7\u00e3o de lombadas eletr\u00f4nicas nos acessos ao porto, a pavimenta\u00e7\u00e3o com concreto r\u00edgido na Avenida Manoel Florentino Machado (via de acesso ao porto), al\u00e9m da implanta\u00e7\u00e3o de sistema de drenagem no trevo da Rua Duque de Caxias. Os investimentos na infraestrutura somam R$ 14 milh\u00f5es.<\/p>\n<figure class=\"wp-block-image size-full\"><figcaption class=\"wp-element-caption\"><em>Foto: Eduardo Valente \/GOVSC<\/em><\/figcaption><\/figure>\n<p>Ainda foi assinada a ordem de servi\u00e7o para a constru\u00e7\u00e3o da\u00a0 sede pr\u00f3pria da Pol\u00edcia Militar, al\u00e9m da formaliza\u00e7\u00e3o de novas parcerias voltadas \u00e0 valoriza\u00e7\u00e3o da cultura, do esporte e do com\u00e9rcio da regi\u00e3o. <\/p>\n<p>\u201cO Porto de Imbituba vive um novo momento, com investimentos estruturantes que melhoram a log\u00edstica, aumentam a capacidade operacional e aproximam ainda mais o porto da comunidade e do desenvolvimento regional. As obras vistoriadas e os projetos anunciados hoje refor\u00e7am o compromisso do Estado com a moderniza\u00e7\u00e3o da infraestrutura portu\u00e1ria e com a valoriza\u00e7\u00e3o de um dos principais ativos log\u00edsticos de Santa Catarina\u201d, afirmou o\u00a0 secret\u00e1rio Beto Martins.<\/p>\n<figure class=\"wp-block-image size-full\"><figcaption class=\"wp-element-caption\"><em>Foto: Eduardo Valente \/GOVSC<\/em><\/figcaption><\/figure>\n<p>Ainda foi apresentado o investimento que a administra\u00e7\u00e3o do porto far\u00e1 em eventos culturais, esportivos e de incentivo ao desenvolvimento econ\u00f4mico da cidade. S\u00e3o eles: o Circuito Imbitubense de Surf, a campanha Imbituba Premiada e o IMBCOMEX \u2013 evento de Com\u00e9rcio Exterior do Sul de Santa Catarina.<\/p>\n<p>\u201cImbituba vive um novo ciclo de desenvolvimento, e a presen\u00e7a do Governo do Estado aqui refor\u00e7a essa transforma\u00e7\u00e3o. Os investimentos no Porto e nas obras de infraestrutura s\u00e3o fundamentais para gerar empregos, valorizar a cidade e melhorar a vida da nossa popula\u00e7\u00e3o. Gostaria de agradecer ao nosso governador pelos recursos liberados com o Santa Catarina Levada a S\u00e9rio\u201d, destacou o prefeito. <\/p>\n<figure class=\"wp-block-image size-full\"><figcaption class=\"wp-element-caption\"><em>Foto: Eduardo Valente \/GOVSC<\/em><\/figcaption><\/figure>\n<p>Durante a passagem, o governador e demais autoridades acompanharam de perto a infraestrutura portu\u00e1ria e observaram as opera\u00e7\u00f5es em andamento no cais. O diretor-presidente da SCPAR Porto de Imbituba, Christiano Lopes, refor\u00e7ou o compromisso com a efici\u00eancia, a inova\u00e7\u00e3o e a integra\u00e7\u00e3o com a comunidade: \u201cEstamos construindo um porto cada vez mais moderno, sustent\u00e1vel e conectado com a cidade. A visita do governador e sua equipe mostra que estamos alinhados com os objetivos do Estado e da popula\u00e7\u00e3o. Essa presen\u00e7a institucional fortalece ainda mais nossos projetos estrat\u00e9gicos\u201d, destacou Lopes.<\/p>\n<\/p><\/div>\n","protected":false},"excerpt":{"rendered":"<p>Foto: Eduardo Valente \/GOVSC O governador de Santa Catarina, Jorginho Mello, liderou neste s\u00e1bado, 24, uma s\u00e9rie de atos e<\/p>\n","protected":false},"author":1,"featured_media":0,"comment_status":"","ping_status":"","sticky":false,"template":"","format":"standard","meta":{"colormag_page_container_layout":"default_layout","colormag_page_sidebar_layout":"default_layout","footnotes":""},"categories":[1],"tags":[],"class_list":["post-50898","post","type-post","status-publish","format-standard","hentry","category-sem-categoria"],"_links":{"self":[{"href":"https:\/\/euvivoaselecao.com.br\/index.php\/wp-json\/wp\/v2\/posts\/50898","targetHints":{"allow":["GET"]}}],"collection":[{"href":"https:\/\/euvivoaselecao.com.br\/index.php\/wp-json\/wp\/v2\/posts"}],"about":[{"href":"https:\/\/euvivoaselecao.com.br\/index.php\/wp-json\/wp\/v2\/types\/post"}],"author":[{"embeddable":true,"href":"https:\/\/euvivoaselecao.com.br\/index.php\/wp-json\/wp\/v2\/users\/1"}],"replies":[{"embeddable":true,"href":"https:\/\/euvivoaselecao.com.br\/index.php\/wp-json\/wp\/v2\/comments?post=50898"}],"version-history":[{"count":0,"href":"https:\/\/euvivoaselecao.com.br\/index.php\/wp-json\/wp\/v2\/posts\/50898\/revisions"}],"wp:attachment":[{"href":"https:\/\/euvivoaselecao.com.br\/index.php\/wp-json\/wp\/v2\/media?parent=50898"}],"wp:term":[{"taxonomy":"category","embeddable":true,"href":"https:\/\/euvivoaselecao.com.br\/index.php\/wp-json\/wp\/v2\/categories?post=50898"},{"taxonomy":"post_tag","embeddable":true,"href":"https:\/\/euvivoaselecao.com.br\/index.php\/wp-json\/wp\/v2\/tags?post=50898"}],"curies":[{"name":"wp","href":"https:\/\/api.w.org\/{rel}","templated":true}]}}