{"id":50923,"date":"2025-05-24T23:30:53","date_gmt":"2025-05-25T02:30:53","guid":{"rendered":"https:\/\/euvivoaselecao.com.br\/index.php\/2025\/05\/24\/agems-integra-agenda-nacional-de-debates-sobre-exploracao-de-petroleo-biometano-e-competitividade-do-gas-natural\/"},"modified":"2025-05-24T23:30:53","modified_gmt":"2025-05-25T02:30:53","slug":"agems-integra-agenda-nacional-de-debates-sobre-exploracao-de-petroleo-biometano-e-competitividade-do-gas-natural","status":"publish","type":"post","link":"https:\/\/euvivoaselecao.com.br\/index.php\/2025\/05\/24\/agems-integra-agenda-nacional-de-debates-sobre-exploracao-de-petroleo-biometano-e-competitividade-do-gas-natural\/","title":{"rendered":"Agems integra agenda nacional de debates sobre explora\u00e7\u00e3o de petr\u00f3leo, biometano e competitividade do g\u00e1s natural"},"content":{"rendered":"<p><\/p>\n<div>\n<p>Ampliando conex\u00f5es nas grandes discuss\u00f5es nacionais nas \u00e1reas de petr\u00f3leo e g\u00e1s, a Ag\u00eancia Estadual de Regula\u00e7\u00e3o (Agems) participa nesta semana de uma agenda nacional de debates sobre explora\u00e7\u00e3o de petr\u00f3leo, biometano e competitividade do g\u00e1s natural.<u\/><u\/><\/p>\n<p>Assessora jur\u00eddica da Diretoria de G\u00e1s, Energia e Minera\u00e7\u00e3o da ag\u00eancia, a advogada Fabiola Porcaro \u00e9 uma das painelistas do &#8216;Semin\u00e1rio Desafios e Solu\u00e7\u00f5es para Integra\u00e7\u00e3o Gas\u00edfera Regional&#8217;, promovida pelo Minist\u00e9rio de Minas e Energia, em Bras\u00edlia, nesta quinta-feira (22).<\/p>\n<p>O evento reuniu autoridades do setor energ\u00e9tico de Brasil, Argentina, Paraguai e representantes da Organiza\u00e7\u00e3o Latino-Americana de Energia.<u\/><u\/><\/p>\n<p>Junto a especialistas de ag\u00eancias de diversos estados e da ANP (Ag\u00eancia Nacional de Petr\u00f3leo, G\u00e1s Natural e Biocombust\u00edveis), a profissional leva as contribui\u00e7\u00f5es de Mato Grosso do Sul para o tema que enfoca os desafios tarif\u00e1rios como um passo para o aumento da competitividade do g\u00e1s natural.<u\/><u\/><\/p>\n<p>\u201c\u00c9 um momento de importantes defini\u00e7\u00f5es no setor energ\u00e9tico para o Brasil e o Mato Grosso do Sul, em que o compartilhamento de conhecimento vai produzir os melhores resultados para o aproveitamento das fontes de energia nos diferentes projetos de desenvolvimento\u201d, avalia o diretor-presidente da Agems, Carlos Alberto de Assis.<u\/><u\/><\/p>\n<p><strong>Regula\u00e7\u00e3o conectada<\/strong><u\/><u\/><\/p>\n<p>O Semin\u00e1rio fecha uma agenda t\u00e9cnica de debates estrat\u00e9gicos que aconteceu esta semana no segmento energ\u00e9tico.<u\/><u\/><\/p>\n<p>Na ter\u00e7a-feira (21), o compromisso foi no o Workshop \u201cMargens Conjugadas do Atl\u00e2ntico Sul: Novas Descobertas &amp; Sistemas Petrol\u00edferos\u201d e na Audi\u00eancia P\u00fablica sobre regulamenta\u00e7\u00e3o do Programa Nacional de Descarboniza\u00e7\u00e3o do Produtor e Importador de G\u00e1s Natural e de Incentivo ao Biometano.<u\/><u\/><\/p>\n<p>O Workshop promovido pela Associa\u00e7\u00e3o Brasileira de Ge\u00f3logos do Petr\u00f3leo (ABGP), reuniu especialistas, representantes governamentais do setor energ\u00e9tico, Marinha do Brasil, da ind\u00fastria e da academia em discuss\u00e3o sobre os desafios e oportunidades gerados com as descobertas recentes envolvendo possibilidades de explora\u00e7\u00e3o de petr\u00f3leo e g\u00e1s natural em regi\u00f5es do litoral brasileiro.<u\/><u\/><\/p>\n<p>J\u00e1 a Audi\u00eancia P\u00fablica, foi uma oportunidade aberta pelo Minist\u00e9rio das Minas e Energia para receber contribui\u00e7\u00f5es \u00e0 minuta do decreto que regulamenta o Programa Nacional de Descarboniza\u00e7\u00e3o do Produtor e Importador de G\u00e1s Natural e de Incentivo ao Biometano, criado pela Lei n\u00ba 14.993\/2024.<u\/><u\/><\/p>\n<p>\u201cNossa participa\u00e7\u00e3o demonstra o alinhamento da ag\u00eancia com os temas estrat\u00e9gicos do setor, acompanhando de perto os debates que envolvem seguran\u00e7a jur\u00eddica, regula\u00e7\u00e3o e expans\u00e3o da matriz energ\u00e9tica brasileira. Levamos contribui\u00e7\u00f5es, compartilhamos e trazemos conhecimento que s\u00e3o fundamentais para a regula\u00e7\u00e3o desse setor essencial no desenvolvimento de Mato Grosso do Sul\u201d, avalia Fab\u00edola Porcaro.<\/p>\n<p><em>Comunica\u00e7\u00e3o Agems<\/em><\/p>\n<\/div>\n","protected":false},"excerpt":{"rendered":"<p>Ampliando conex\u00f5es nas grandes discuss\u00f5es nacionais nas \u00e1reas de petr\u00f3leo e g\u00e1s, a Ag\u00eancia Estadual de Regula\u00e7\u00e3o (Agems) participa nesta<\/p>\n","protected":false},"author":1,"featured_media":0,"comment_status":"","ping_status":"","sticky":false,"template":"","format":"standard","meta":{"colormag_page_container_layout":"default_layout","colormag_page_sidebar_layout":"default_layout","footnotes":""},"categories":[1],"tags":[],"class_list":["post-50923","post","type-post","status-publish","format-standard","hentry","category-sem-categoria"],"_links":{"self":[{"href":"https:\/\/euvivoaselecao.com.br\/index.php\/wp-json\/wp\/v2\/posts\/50923","targetHints":{"allow":["GET"]}}],"collection":[{"href":"https:\/\/euvivoaselecao.com.br\/index.php\/wp-json\/wp\/v2\/posts"}],"about":[{"href":"https:\/\/euvivoaselecao.com.br\/index.php\/wp-json\/wp\/v2\/types\/post"}],"author":[{"embeddable":true,"href":"https:\/\/euvivoaselecao.com.br\/index.php\/wp-json\/wp\/v2\/users\/1"}],"replies":[{"embeddable":true,"href":"https:\/\/euvivoaselecao.com.br\/index.php\/wp-json\/wp\/v2\/comments?post=50923"}],"version-history":[{"count":0,"href":"https:\/\/euvivoaselecao.com.br\/index.php\/wp-json\/wp\/v2\/posts\/50923\/revisions"}],"wp:attachment":[{"href":"https:\/\/euvivoaselecao.com.br\/index.php\/wp-json\/wp\/v2\/media?parent=50923"}],"wp:term":[{"taxonomy":"category","embeddable":true,"href":"https:\/\/euvivoaselecao.com.br\/index.php\/wp-json\/wp\/v2\/categories?post=50923"},{"taxonomy":"post_tag","embeddable":true,"href":"https:\/\/euvivoaselecao.com.br\/index.php\/wp-json\/wp\/v2\/tags?post=50923"}],"curies":[{"name":"wp","href":"https:\/\/api.w.org\/{rel}","templated":true}]}}