{"id":50924,"date":"2025-05-24T23:32:20","date_gmt":"2025-05-25T02:32:20","guid":{"rendered":"https:\/\/euvivoaselecao.com.br\/index.php\/2025\/05\/24\/veja-fotos-do-vestiario-do-vasco-no-maracana-2\/"},"modified":"2025-05-24T23:32:20","modified_gmt":"2025-05-25T02:32:20","slug":"veja-fotos-do-vestiario-do-vasco-no-maracana-2","status":"publish","type":"post","link":"https:\/\/euvivoaselecao.com.br\/index.php\/2025\/05\/24\/veja-fotos-do-vestiario-do-vasco-no-maracana-2\/","title":{"rendered":"Veja fotos do vesti\u00e1rio do Vasco no Maracan\u00e3"},"content":{"rendered":"<p><\/p>\n<div>\n<div>\n<p>Veja fotos do vesti\u00e1rio do Vasco no Maracan\u00e3<\/p>\n<p>S\u00e1bado, 24\/05\/2025  \u2013 17:47<\/p>\n<div class=\"corpo\">vascodagama<\/p>\n<p>Vesti\u00e1rio do Gigante no Maraca! \u2714\ufe0f\ud83d\udca2\n<\/p>\n<p>#fluxVAS<\/p>\n<p>#Brasileir\u00e3o2025<\/p>\n<p>\ud83d\udcf8 Matheus Lima | #VascoDaGama\n<\/p>\n<p>Fonte: Instagram oficial do Vasco<\/p>\n<\/div>\n<\/div>\n<div class=\"sharedaddy sd-block sd-like jetpack-likes-widget-wrapper jetpack-likes-widget-unloaded\" id=\"like-post-wrapper-173292096-75645-6832824218813\" data-src=\"https:\/\/widgets.wp.com\/likes\/?ver=14.6#blog_id=173292096&amp;post_id=75645&amp;origin=vasconet.com.br&amp;obj_id=173292096-75645-6832824218813\" data-name=\"like-post-frame-173292096-75645-6832824218813\" data-title=\"Curtir ou reblogar\">\n<h3 class=\"sd-title\">Curtir isso:<\/h3>\n<p><span class=\"button\"><span>Curtir<\/span><\/span> <span class=\"loading\">Carregando&#8230;<\/span><\/p>\n<p><span class=\"sd-text-color\"><\/span><\/div>\n<\/p>\n<h3 class=\"jp-relatedposts-headline\"><em>Relacionado<\/em><\/h3>\n<p><!-- CONTENT END 2 -->\n<\/div>\n<p><script async defer crossorigin=\"anonymous\" src=\"https:\/\/connect.facebook.net\/pt_BR\/sdk.js#xfbml=1&amp;version=v12.0&amp;appId=114327694422&amp;autoLogAppEvents=1\" nonce=\"4kp7RAsD\"><\/script><\/p>\n","protected":false},"excerpt":{"rendered":"<p>Veja fotos do vesti\u00e1rio do Vasco no Maracan\u00e3 S\u00e1bado, 24\/05\/2025 \u2013 17:47 vascodagama Vesti\u00e1rio do Gigante no Maraca! \u2714\ufe0f\ud83d\udca2 #fluxVAS<\/p>\n","protected":false},"author":1,"featured_media":0,"comment_status":"","ping_status":"","sticky":false,"template":"","format":"standard","meta":{"colormag_page_container_layout":"default_layout","colormag_page_sidebar_layout":"default_layout","footnotes":""},"categories":[1],"tags":[],"class_list":["post-50924","post","type-post","status-publish","format-standard","hentry","category-sem-categoria"],"_links":{"self":[{"href":"https:\/\/euvivoaselecao.com.br\/index.php\/wp-json\/wp\/v2\/posts\/50924","targetHints":{"allow":["GET"]}}],"collection":[{"href":"https:\/\/euvivoaselecao.com.br\/index.php\/wp-json\/wp\/v2\/posts"}],"about":[{"href":"https:\/\/euvivoaselecao.com.br\/index.php\/wp-json\/wp\/v2\/types\/post"}],"author":[{"embeddable":true,"href":"https:\/\/euvivoaselecao.com.br\/index.php\/wp-json\/wp\/v2\/users\/1"}],"replies":[{"embeddable":true,"href":"https:\/\/euvivoaselecao.com.br\/index.php\/wp-json\/wp\/v2\/comments?post=50924"}],"version-history":[{"count":0,"href":"https:\/\/euvivoaselecao.com.br\/index.php\/wp-json\/wp\/v2\/posts\/50924\/revisions"}],"wp:attachment":[{"href":"https:\/\/euvivoaselecao.com.br\/index.php\/wp-json\/wp\/v2\/media?parent=50924"}],"wp:term":[{"taxonomy":"category","embeddable":true,"href":"https:\/\/euvivoaselecao.com.br\/index.php\/wp-json\/wp\/v2\/categories?post=50924"},{"taxonomy":"post_tag","embeddable":true,"href":"https:\/\/euvivoaselecao.com.br\/index.php\/wp-json\/wp\/v2\/tags?post=50924"}],"curies":[{"name":"wp","href":"https:\/\/api.w.org\/{rel}","templated":true}]}}