{"id":50945,"date":"2025-05-25T05:08:43","date_gmt":"2025-05-25T08:08:43","guid":{"rendered":"https:\/\/euvivoaselecao.com.br\/index.php\/2025\/05\/25\/agencia-minas-gerais-educacao-promove-live-para-apresentar-novo-sistema-de-monitoramento-da-busca-ativa-escolar\/"},"modified":"2025-05-25T05:08:43","modified_gmt":"2025-05-25T08:08:43","slug":"agencia-minas-gerais-educacao-promove-live-para-apresentar-novo-sistema-de-monitoramento-da-busca-ativa-escolar","status":"publish","type":"post","link":"https:\/\/euvivoaselecao.com.br\/index.php\/2025\/05\/25\/agencia-minas-gerais-educacao-promove-live-para-apresentar-novo-sistema-de-monitoramento-da-busca-ativa-escolar\/","title":{"rendered":"Ag\u00eancia Minas Gerais | Educa\u00e7\u00e3o promove live para apresentar novo Sistema de Monitoramento da Busca Ativa Escolar"},"content":{"rendered":"<p><\/p>\n<div>\n<p dir=\"ltr\">Dando continuidade ao conjunto de a\u00e7\u00f5es da Campanha Busca Ativa Escolar 2025 \u2013 \u201cLugar de Estudante \u00e9 na Escola\u201d, a Secretaria de Estado de Educa\u00e7\u00e3o (SEE\/MG) promoveu, nesta segunda-feira (19\/5), uma live para apresentar o novo Sistema de Monitoramento, que tem como objetivo identificar estudantes com frequ\u00eancia irregular e prevenir o abandono e a evas\u00e3o escolar.<\/p>\n<p dir=\"ltr\">Para isso, foi desenvolvida uma nova vers\u00e3o do Sistema de Monitoramento da Busca Ativa, pela Assessoria de Inova\u00e7\u00e3o da SEE\/MG, que visa facilitar a identifica\u00e7\u00e3o das causas do poss\u00edvel abandono escolar por parte dos alunos.<\/p>\n<p dir=\"ltr\">Os dados da ferramenta s\u00e3o interligados com o Painel de Frequ\u00eancia Di\u00e1ria, que disponibiliza o percentual de frequ\u00eancia dos estudantes. A funcionalidade tamb\u00e9m possibilita o acompanhamento das faltas consecutivas e facilita na identifica\u00e7\u00e3o daqueles que est\u00e3o em abandono ou em risco.<\/p>\n<p dir=\"ltr\">Na abertura da live, o secret\u00e1rio de Estado de Educa\u00e7\u00e3o, Igor de Alvarenga, destacou que a utiliza\u00e7\u00e3o das ferramentas \u00e9 um processo importante na Busca Ativa, uma vez que as funcionalidades permitem o monitoramento de frequ\u00eancia dos alunos. Desta forma, ele orientou aos diretores escolares que atualizem o sistema diariamente.<\/p>\n<p>\u201cO processo de busca ativa \u00e9 para trazer o estudante que est\u00e1 come\u00e7ando a n\u00e3o frequentar aulas ou aquele que j\u00e1 abandonou a escola. No entanto, \u00e9 importante manter a escola de forma adequada, com merenda saborosa, fazendo o processo de escuta, com atividades para que esse estudante n\u00e3o desanime e n\u00e3o abandone a escola\u201d, orienta.<\/p>\n<p>Em seguida, a subsecret\u00e1ria de Articula\u00e7\u00e3o Educacional da SEE\/MG, Cl\u00e1udia Lara, destacou que, al\u00e9m de garantir o retorno dos alunos \u00e0s escolas, \u00e9 necess\u00e1rio recompor a aprendizagem de todos e trat\u00e1-los com a devida aten\u00e7\u00e3o. A Assessoria da Equipe de Campanhas, ent\u00e3o, apresentou o Sistema de Monitoramento Busca Ativa, enquanto a Assessoria de Inova\u00e7\u00e3o demonstrou como funciona o Painel de Frequ\u00eancia Di\u00e1ria.<\/p>\n<p>A transmiss\u00e3o pode ser acessada, na \u00edntegra,\u00a0aqui.<\/p>\n<p><strong>Parceria com o Unicef<\/strong><\/p>\n<p>Uma das novidades deste ano \u00e9 a parceria com o Fundo das Na\u00e7\u00f5es Unidas para a Inf\u00e2ncia (Unicef), que traz uma metodologia social e uma plataforma digital gratuita. As ferramentas permitir\u00e3o ao poder p\u00fablico identificar crian\u00e7as e adolescentes fora da escola e acionar diferentes \u00e1reas para garantir a matr\u00edcula e a frequ\u00eancia \u00e0s aulas.<\/p>\n<p>Com essa parceria, ser\u00e1 poss\u00edvel articular e estabelecer comunica\u00e7\u00e3o entre os diversos agentes p\u00fablicos envolvidos no desenvolvimento das crian\u00e7as e adolescentes.<\/p>\n<p dir=\"ltr\"><strong>Resultados<\/strong><\/p>\n<p dir=\"ltr\">As estrat\u00e9gias adotadas pela SEE\/MG no \u00e2mbito do Plano de Enfrentamento ao Abandono e \u00e0 Evas\u00e3o Escolar t\u00eam apresentado resultados positivos. Em 2023, 68 mil alunos retornaram para a escola, n\u00famero que subiu para 93 mil em 2024. Um aumento de 37%.<\/p>\n<p>\u00a0<\/p>\n<\/p><\/div>\n","protected":false},"excerpt":{"rendered":"<p>Dando continuidade ao conjunto de a\u00e7\u00f5es da Campanha Busca Ativa Escolar 2025 \u2013 \u201cLugar de Estudante \u00e9 na Escola\u201d, a<\/p>\n","protected":false},"author":1,"featured_media":0,"comment_status":"","ping_status":"","sticky":false,"template":"","format":"standard","meta":{"colormag_page_container_layout":"default_layout","colormag_page_sidebar_layout":"default_layout","footnotes":""},"categories":[1],"tags":[],"class_list":["post-50945","post","type-post","status-publish","format-standard","hentry","category-sem-categoria"],"_links":{"self":[{"href":"https:\/\/euvivoaselecao.com.br\/index.php\/wp-json\/wp\/v2\/posts\/50945","targetHints":{"allow":["GET"]}}],"collection":[{"href":"https:\/\/euvivoaselecao.com.br\/index.php\/wp-json\/wp\/v2\/posts"}],"about":[{"href":"https:\/\/euvivoaselecao.com.br\/index.php\/wp-json\/wp\/v2\/types\/post"}],"author":[{"embeddable":true,"href":"https:\/\/euvivoaselecao.com.br\/index.php\/wp-json\/wp\/v2\/users\/1"}],"replies":[{"embeddable":true,"href":"https:\/\/euvivoaselecao.com.br\/index.php\/wp-json\/wp\/v2\/comments?post=50945"}],"version-history":[{"count":0,"href":"https:\/\/euvivoaselecao.com.br\/index.php\/wp-json\/wp\/v2\/posts\/50945\/revisions"}],"wp:attachment":[{"href":"https:\/\/euvivoaselecao.com.br\/index.php\/wp-json\/wp\/v2\/media?parent=50945"}],"wp:term":[{"taxonomy":"category","embeddable":true,"href":"https:\/\/euvivoaselecao.com.br\/index.php\/wp-json\/wp\/v2\/categories?post=50945"},{"taxonomy":"post_tag","embeddable":true,"href":"https:\/\/euvivoaselecao.com.br\/index.php\/wp-json\/wp\/v2\/tags?post=50945"}],"curies":[{"name":"wp","href":"https:\/\/api.w.org\/{rel}","templated":true}]}}