{"id":50953,"date":"2025-05-25T07:13:59","date_gmt":"2025-05-25T10:13:59","guid":{"rendered":"https:\/\/euvivoaselecao.com.br\/index.php\/2025\/05\/25\/sao-jose-realiza-conferencia-de-igualdade-racial-neste-sabado\/"},"modified":"2025-05-25T07:13:59","modified_gmt":"2025-05-25T10:13:59","slug":"sao-jose-realiza-conferencia-de-igualdade-racial-neste-sabado","status":"publish","type":"post","link":"https:\/\/euvivoaselecao.com.br\/index.php\/2025\/05\/25\/sao-jose-realiza-conferencia-de-igualdade-racial-neste-sabado\/","title":{"rendered":"S\u00e3o Jos\u00e9 realiza Confer\u00eancia de Igualdade Racial neste s\u00e1bado"},"content":{"rendered":"<p><\/p>\n<div>\n<p><b>Cl\u00e1udio Souza<\/b><br \/>&#13;<br \/>\n&#13;<br \/>\n                <span style=\"font-weight: bold;\">Secretaria de Apoio Social ao Cidad\u00e3o<\/span><\/p>\n<p>A Prefeitura de S\u00e3o Jos\u00e9 dos Campos realiza, neste s\u00e1bado (24), das 8h \u00e0s 14h, a 2\u00aa Confer\u00eancia Municipal de Promo\u00e7\u00e3o da Igualdade Racial.<\/p>\n<p>O evento ser\u00e1 no Cefe (Centro de Forma\u00e7\u00e3o do Educador), localizado na avenida Olivo Gomes, 250, em Santana, na regi\u00e3o norte, com a participa\u00e7\u00e3o de 200 inscritos.<\/p>\n<p>Com o tema &#8220;Igualdade e Democracia: Repara\u00e7\u00e3o e Justi\u00e7a Racial\u201d, o objetivo \u00e9 promover, incentivar e ampliar a participa\u00e7\u00e3o da sociedade civil organizada na formula\u00e7\u00e3o e implementa\u00e7\u00e3o de pol\u00edticas p\u00fablicas para as popula\u00e7\u00f5es negra, quilombola, romani (ciganos) e dos povos e comunidades tradicionais de terreiro e de matriz africana.<\/p>\n<p>Ser\u00e3o discutidas e deliberadas propostas para melhorar a vida dos cidad\u00e3os, com foco na igualdade, democracia, justi\u00e7a racial, repara\u00e7\u00e3o, justi\u00e7a social, inclus\u00e3o, respeito, garantia de direitos, prote\u00e7\u00e3o e sustentabilidade.<\/p>\n<p><span class=\"intertitulo\">Apresenta\u00e7\u00f5es e palestras<\/span><\/p>\n<p>Durante o evento, haver\u00e1 apresenta\u00e7\u00f5es culturais do grupo Ka\u00e7aFeyta Kariri Xoc\u00f3 e do Jongo Mistura da Ra\u00e7a e palestras sobre o tema da confer\u00eancia.<\/p>\n<p>Ser\u00e3o ministradas pela professora, pesquisadora do tema educa\u00e7\u00e3o das Rela\u00e7\u00f5es \u00c9tnico-Raciais e coordenadora da UNEafro (Uni\u00e3o de N\u00facleos de Educa\u00e7\u00e3o Popular para Negras (os) e Classe Trabalhadora) no Cursinho Popular UNEafro, Maira Mantovani; e pela mestre e doutora em Educa\u00e7\u00e3o e Sa\u00fade na Inf\u00e2ncia e na Adolesc\u00eancia e especialista em Hist\u00f3ria da \u00c1frica e do negro no Brasil, Mariana Castro.<\/p>\n<p><span class=\"intertitulo\">Eixos tem\u00e1ticos<\/span><\/p>\n<p>Foram disponibilizadas 200 vagas para a confer\u00eancia, assim divididas pelos tr\u00eas eixos tem\u00e1ticos:<\/p>\n<p><strong>\u2022 Democracia:<\/strong> 67 vagas<\/p>\n<p><strong>\u2022 Justi\u00e7a racial:<\/strong> 67 vagas<\/p>\n<p><strong>\u2022 Repara\u00e7\u00e3o:<\/strong> 66 vagas<\/p>\n<p>Ser\u00e3o realizadas discuss\u00f5es sobre cada eixo tem\u00e1tico, com a participa\u00e7\u00e3o de representantes do poder p\u00fablico e da sociedade civil organizada.<\/p>\n<p><span class=\"intertitulo\">Delegados<\/span><\/p>\n<p>Nas mesas redondas de debates, ser\u00e3o aprovadas as propostas e eleitos os delegados de S\u00e3o Jos\u00e9 para a 4\u00aa Corepir (Confer\u00eancia Regional de Promo\u00e7\u00e3o da Igualdade Racial do Vale do Para\u00edba e Litoral Norte), que ser\u00e1 realizada no pr\u00f3ximo s\u00e1bado, dia 31 de maio, em Ca\u00e7apava.<\/p>\n<p>Ser\u00e3o 15 delegados, sendo oito da popula\u00e7\u00e3o negra, dois de povos e comunidades tradicionais de matrizes africanas e povos de terreiro, dois do poder p\u00fablico, um da popula\u00e7\u00e3o quilombola, um da popula\u00e7\u00e3o ind\u00edgena e um do povo romani (ciganos).<\/p>\n<p><span class=\"intertitulo\">Servi\u00e7o<\/span><\/p>\n<p><strong>Programa\u00e7\u00e3o completa<\/strong><\/p>\n<p><strong>8h:<\/strong> Credenciamento<\/p>\n<p><strong>8h40:<\/strong> Abertura, apresenta\u00e7\u00e3o cultural do grupo Ka\u00e7aFeyta Kariri Xoc\u00f3 e leitura e aprova\u00e7\u00e3o do Regimento Interno<\/p>\n<p><strong>10h:<\/strong> Palestras sobre o tema da confer\u00eancia<\/p>\n<p>\u00a0<\/p>\n<p><strong>Palestrantes:<\/strong><\/p>\n<p><strong>Maira Mantovani:<\/strong> Licenciada em Artes Visuais e Pedagogia, \u00e9 professora, pesquisadora do tema educa\u00e7\u00e3o das Rela\u00e7\u00f5es \u00c9tnico-Raciais e coordena projetos educativos no Instituto de Refer\u00eancia Negra Peregum. Tamb\u00e9m atua como coordenadora da UNEafro no Cursinho Popular UNEafro<\/p>\n<p><strong>Mariana Castro:<\/strong> Licenciada em Hist\u00f3ria, especialista em Hist\u00f3ria da \u00c1frica e do negro no Brasil, mestre e doutora em Educa\u00e7\u00e3o e Sa\u00fade na Inf\u00e2ncia e na Adolesc\u00eancia, realizou p\u00f3s-doutorado em Educa\u00e7\u00e3o. Foi professora de hist\u00f3ria da rede estadual paulista por 10 anos, \u00e9 capoeirista, pesquisadora da capoeira angola<\/p>\n<p><strong>11h: <\/strong>Discuss\u00e3o nos eixos tem\u00e1ticos<\/p>\n<p><strong>\u2022<\/strong>\u00a0Democracia<\/p>\n<p><strong>\u2022\u00a0<\/strong>Justi\u00e7a Racial<\/p>\n<p><strong>\u2022<\/strong>\u00a0Repara\u00e7\u00e3o<\/p>\n<p>\u00a0<\/p>\n<p><strong>12h15: <\/strong>Plen\u00e1ria final<\/p>\n<p><strong>\u2022\u00a0<\/strong>Apresenta\u00e7\u00e3o Cultural \u2013 Jongo Mistura da Ra\u00e7a<\/p>\n<p><strong>\u2022<\/strong>\u00a0Leitura e Homologa\u00e7\u00e3o das Propostas em Plen\u00e1rio<\/p>\n<p><strong>\u2022\u00a0<\/strong>Elei\u00e7\u00e3o dos Delegados<\/p>\n<p><strong>\u2022<\/strong>\u00a0Aprova\u00e7\u00e3o das Mo\u00e7\u00f5es<\/p>\n<p>\u00a0<\/p>\n<p><strong>14h:<\/strong> Encerramento<\/p>\n<p>&#13;<br \/>\n                        <strong>MAIS NOT\u00cdCIAS<\/strong><br \/>&#13;<br \/>\n                        Secretaria de Apoio Social ao Cidad\u00e3o&#13;\n                    <\/p>\n<\/p><\/div>\n","protected":false},"excerpt":{"rendered":"<p>Cl\u00e1udio Souza&#13; &#13; Secretaria de Apoio Social ao Cidad\u00e3o A Prefeitura de S\u00e3o Jos\u00e9 dos Campos realiza, neste s\u00e1bado (24),<\/p>\n","protected":false},"author":1,"featured_media":0,"comment_status":"","ping_status":"","sticky":false,"template":"","format":"standard","meta":{"colormag_page_container_layout":"default_layout","colormag_page_sidebar_layout":"default_layout","footnotes":""},"categories":[1],"tags":[],"class_list":["post-50953","post","type-post","status-publish","format-standard","hentry","category-sem-categoria"],"_links":{"self":[{"href":"https:\/\/euvivoaselecao.com.br\/index.php\/wp-json\/wp\/v2\/posts\/50953","targetHints":{"allow":["GET"]}}],"collection":[{"href":"https:\/\/euvivoaselecao.com.br\/index.php\/wp-json\/wp\/v2\/posts"}],"about":[{"href":"https:\/\/euvivoaselecao.com.br\/index.php\/wp-json\/wp\/v2\/types\/post"}],"author":[{"embeddable":true,"href":"https:\/\/euvivoaselecao.com.br\/index.php\/wp-json\/wp\/v2\/users\/1"}],"replies":[{"embeddable":true,"href":"https:\/\/euvivoaselecao.com.br\/index.php\/wp-json\/wp\/v2\/comments?post=50953"}],"version-history":[{"count":0,"href":"https:\/\/euvivoaselecao.com.br\/index.php\/wp-json\/wp\/v2\/posts\/50953\/revisions"}],"wp:attachment":[{"href":"https:\/\/euvivoaselecao.com.br\/index.php\/wp-json\/wp\/v2\/media?parent=50953"}],"wp:term":[{"taxonomy":"category","embeddable":true,"href":"https:\/\/euvivoaselecao.com.br\/index.php\/wp-json\/wp\/v2\/categories?post=50953"},{"taxonomy":"post_tag","embeddable":true,"href":"https:\/\/euvivoaselecao.com.br\/index.php\/wp-json\/wp\/v2\/tags?post=50953"}],"curies":[{"name":"wp","href":"https:\/\/api.w.org\/{rel}","templated":true}]}}