{"id":50975,"date":"2025-05-25T13:31:16","date_gmt":"2025-05-25T16:31:16","guid":{"rendered":"https:\/\/euvivoaselecao.com.br\/index.php\/2025\/05\/25\/sc-290-entre-praia-grande-e-a-serra-do-faxinal-ganha-pista-de-concreto\/"},"modified":"2025-05-25T13:31:16","modified_gmt":"2025-05-25T16:31:16","slug":"sc-290-entre-praia-grande-e-a-serra-do-faxinal-ganha-pista-de-concreto","status":"publish","type":"post","link":"https:\/\/euvivoaselecao.com.br\/index.php\/2025\/05\/25\/sc-290-entre-praia-grande-e-a-serra-do-faxinal-ganha-pista-de-concreto\/","title":{"rendered":"SC-290 entre Praia Grande e a Serra do Faxinal ganha pista de concreto"},"content":{"rendered":"<p><\/p>\n<div>\n<p><em>Foto: Marllon Legnaghi \/ GOVSC<\/em><\/p>\n<p>A SC-290 entre Praia Grande, no Extremo Sul de Santa Catarina, e a Serra do Faxinal passa por uma reforma completa. A pavimenta\u00e7\u00e3o total da pista est\u00e1 sendo feita em concreto e vai alcan\u00e7ar os 15,63 km da via. Al\u00e9m disso, a rodovia conta com 16 pontos de conten\u00e7\u00e3o de deslizamento de encosta. Tamb\u00e9m est\u00e3o previstas melhorias em curvas, drenagem, sinaliza\u00e7\u00e3o e dois mirantes para contempla\u00e7\u00e3o tur\u00edstica. O investimento total do Governo de Santa Catarina chega a quase R$ 76 milh\u00f5es.<\/p>\n<p>\u201cHoje a gente est\u00e1 na Serra do Faxinal, no Extremo Sul de Santa Catarina. Um dos lugares mais lindos desse estado. Aqui somos destaque de turismo, de frio e balonismo. E o acesso agora \u00e9 concreto, pra aguentar o tr\u00e2nsito. Ferro e concreto para durar mais de 20 anos. Isso \u00e9 Estrada Boa, o maior programa de pavimenta\u00e7\u00e3o do Brasil. Cortando o nosso estado de ponta a ponta e levando respeito \u00e0 popula\u00e7\u00e3o\u201d, disse o governador Jorginho Mello.<\/p>\n<p>Atualmente a obra encontra-se 44,83% conclu\u00edda, com 4,42 quil\u00f4metros j\u00e1 pavimentados em concreto. Isso equivale a 5,975 metros c\u00fabicos de concreto j\u00e1 executados. Cerca de 68 metros c\u00fabicos de concreto s\u00e3o usinados diariamente, e a previs\u00e3o de conclus\u00e3o \u00e9 para o pr\u00f3ximo m\u00eas de novembro.<\/p>\n<\/p><\/div>\n","protected":false},"excerpt":{"rendered":"<p>Foto: Marllon Legnaghi \/ GOVSC A SC-290 entre Praia Grande, no Extremo Sul de Santa Catarina, e a Serra do<\/p>\n","protected":false},"author":1,"featured_media":0,"comment_status":"","ping_status":"","sticky":false,"template":"","format":"standard","meta":{"colormag_page_container_layout":"default_layout","colormag_page_sidebar_layout":"default_layout","footnotes":""},"categories":[1],"tags":[],"class_list":["post-50975","post","type-post","status-publish","format-standard","hentry","category-sem-categoria"],"_links":{"self":[{"href":"https:\/\/euvivoaselecao.com.br\/index.php\/wp-json\/wp\/v2\/posts\/50975","targetHints":{"allow":["GET"]}}],"collection":[{"href":"https:\/\/euvivoaselecao.com.br\/index.php\/wp-json\/wp\/v2\/posts"}],"about":[{"href":"https:\/\/euvivoaselecao.com.br\/index.php\/wp-json\/wp\/v2\/types\/post"}],"author":[{"embeddable":true,"href":"https:\/\/euvivoaselecao.com.br\/index.php\/wp-json\/wp\/v2\/users\/1"}],"replies":[{"embeddable":true,"href":"https:\/\/euvivoaselecao.com.br\/index.php\/wp-json\/wp\/v2\/comments?post=50975"}],"version-history":[{"count":0,"href":"https:\/\/euvivoaselecao.com.br\/index.php\/wp-json\/wp\/v2\/posts\/50975\/revisions"}],"wp:attachment":[{"href":"https:\/\/euvivoaselecao.com.br\/index.php\/wp-json\/wp\/v2\/media?parent=50975"}],"wp:term":[{"taxonomy":"category","embeddable":true,"href":"https:\/\/euvivoaselecao.com.br\/index.php\/wp-json\/wp\/v2\/categories?post=50975"},{"taxonomy":"post_tag","embeddable":true,"href":"https:\/\/euvivoaselecao.com.br\/index.php\/wp-json\/wp\/v2\/tags?post=50975"}],"curies":[{"name":"wp","href":"https:\/\/api.w.org\/{rel}","templated":true}]}}