{"id":50992,"date":"2025-05-25T18:01:59","date_gmt":"2025-05-25T21:01:59","guid":{"rendered":"https:\/\/euvivoaselecao.com.br\/index.php\/2025\/05\/25\/agencia-minas-gerais-vila-gale-brumadinho-novo-hotel-da-rede-em-minas-gerais-sera-construido-proximo-ao-inhotim\/"},"modified":"2025-05-25T18:01:59","modified_gmt":"2025-05-25T21:01:59","slug":"agencia-minas-gerais-vila-gale-brumadinho-novo-hotel-da-rede-em-minas-gerais-sera-construido-proximo-ao-inhotim","status":"publish","type":"post","link":"https:\/\/euvivoaselecao.com.br\/index.php\/2025\/05\/25\/agencia-minas-gerais-vila-gale-brumadinho-novo-hotel-da-rede-em-minas-gerais-sera-construido-proximo-ao-inhotim\/","title":{"rendered":"Ag\u00eancia Minas Gerais | Vila Gal\u00e9 Brumadinho: novo hotel da rede em Minas Gerais ser\u00e1 constru\u00eddo pr\u00f3ximo ao Inhotim"},"content":{"rendered":"<p><\/p>\n<div>\n<section class=\"news-related \/ col-md-4 col-lg-3 \/ margin-md-bottom-2 margin-left-1 \/ pull-right \/ hidden-xs hidden-sm\">\n<header>\n<p class=\"text-title-section \/ margin-bottom-1\">Relacionadas<\/p>\n<\/header>\n<p>\t\t\t\t\t\t\t<main><\/p>\n<hr class=\"row margin-md-bottom-2\"\/>\n\t\t\t\t\t\t\t<\/main><br \/>\n\t\t\t\t\t\t<\/section>\n<p>Ap\u00f3s inaugurar com grande destaque o Vila Gal\u00e9 Collection Ouro Preto nesse s\u00e1bado (24\/5), o grupo portugu\u00eas Vila Gal\u00e9 confirmou sua expans\u00e3o em Minas Gerais com o an\u00fancio da constru\u00e7\u00e3o de um novo empreendimento hoteleiro no munic\u00edpio de Brumadinho, na Regi\u00e3o Metropolitana de Belo Horizonte (RMBH). A novidade foi anunciada durante a cerim\u00f4nia oficial de inaugura\u00e7\u00e3o do resort em Ouro Preto, que contou com a presen\u00e7a do governador Romeu Zema, secret\u00e1rios de Estado e lideran\u00e7as do setor tur\u00edstico.<\/p>\n<figure class=\"image\" style=\"float:left\">&#13;<figcaption><em><sup>Cristiano Machado \/ Imprensa MG<\/sup><\/em><\/figcaption>&#13;<br \/>\n<\/figure>\n<p>O novo hotel ser\u00e1 instalado na Serra da Conquistinha, em \u00e1rea pr\u00f3xima ao Instituto Inhotim e \u00e0 BR-381, em um terreno que ser\u00e1 cedido pela Prefeitura de Brumadinho por meio de termo de coopera\u00e7\u00e3o com o grupo Vila Gal\u00e9.<\/p>\n<p>A expectativa \u00e9 que a obra comece em 2026, com conclus\u00e3o prevista para 2027, gerando 300 empregos diretos e indiretos. Al\u00e9m disso, o munic\u00edpio investir\u00e1 cerca de R$ 10 milh\u00f5es em infraestrutura, com a duplica\u00e7\u00e3o da estrada que liga Brumadinho a S\u00e3o Jos\u00e9 de Bicas, facilitando o acesso ao novo empreendimento e \u00e0 regi\u00e3o onde est\u00e1 sendo constru\u00eddo um novo aeroporto em Betim.<\/p>\n<p>O chefe do Executivo estadual destacou a atra\u00e7\u00e3o de investimentos como um dos principais como um dos principais compromissos dessa gest\u00e3o, e refor\u00e7ou o apoio do Governo de Minas \u00e0 nova iniciativa.<\/p>\n<p>&#8220;O turismo tem desempenhado um papel fundamental no desenvolvimento do estado. Tivemos a confirma\u00e7\u00e3o do Vila Gal\u00e9 II, na cidade de Brumadinho e, com certeza, v\u00e1rios outros no estado nos pr\u00f3ximos anos. O Vila Gal\u00e9 tem um potencial enorme. Realmente um presente excepcional que vai fazer com que o turismo de Minas avance ainda mais. A minha gest\u00e3o tem a marca registrada da atra\u00e7\u00e3o de investimentos e gera\u00e7\u00e3o de emprego e renda para o mineiro&#8221;, disse\u00a0Romeu Zema.<\/p>\n<p>&#8220;Minas tem mostrado sua for\u00e7a como destino tur\u00edstico internacional, e empreendimentos como o Vila Gal\u00e9 em Ouro Preto e agora em Brumadinho consolidam essa nova fase que une patrim\u00f4nio, inova\u00e7\u00e3o e gera\u00e7\u00e3o de oportunidades. Estamos assistindo \u00e0 forma\u00e7\u00e3o de uma nova economia mineira, baseada na cultura, na identidade e na hospitalidade do nosso povo&#8221;, afirmou o secret\u00e1rio de Estado de Cultura e Turismo de Minas Gerais, Le\u00f4nidas de Oliveira.<\/p>\n<p>Com localiza\u00e7\u00e3o estrat\u00e9gica e sinergia direta com o turismo de natureza, arte e cultura promovido pelo Instituto Inhotim, o futuro Vila Gal\u00e9 Brumadinho refor\u00e7a o modelo de turismo sustent\u00e1vel adotado pelo Governo de Minas, por meio da Secult-MG, Invest Minas e Sede-MG, em parceria com o setor privado e os munic\u00edpios. Trata-se de mais um passo decisivo no processo de descentraliza\u00e7\u00e3o de investimentos e valoriza\u00e7\u00e3o dos territ\u00f3rios, miss\u00e3o assumida pela atual gest\u00e3o.<\/p>\n<p>&#8220;A chegada de mais um empreendimento da rede Vila Gal\u00e9, agora em Brumadinho, \u00e9 a prova concreta do nosso compromisso em diversificar e fortalecer a economia mineira. Abrindo di\u00e1logo com grandes empreendedores do mundo temos trabalhado para que tamb\u00e9m o turismo, assim como outros setores estrat\u00e9gicos, se torne um polo de atra\u00e7\u00e3o de investimentos que al\u00e9m de gerar novos empregos tamb\u00e9m oferte oportunidades de desenvolvimento e renda \u00e0s diferentes regi\u00f5es de Minas&#8221;, analisa a secret\u00e1ria de Estado de Desenvolvimento Econ\u00f4mico, Mila Corr\u00eaa da Costa.<\/p>\n<p>A instala\u00e7\u00e3o do novo resort \u00e9 mais um s\u00edmbolo da pol\u00edtica p\u00fablica integrada adotada por Minas, capaz de atrair R$ 5 bilh\u00f5es em investimentos no setor de turismo, por meio de mais de 60 projetos apoiados pela Invest Minas, sendo 25 deles exclusivamente voltados ao turismo.<\/p>\n<\/p><\/div>\n","protected":false},"excerpt":{"rendered":"<p>Relacionadas Ap\u00f3s inaugurar com grande destaque o Vila Gal\u00e9 Collection Ouro Preto nesse s\u00e1bado (24\/5), o grupo portugu\u00eas Vila Gal\u00e9<\/p>\n","protected":false},"author":1,"featured_media":0,"comment_status":"","ping_status":"","sticky":false,"template":"","format":"standard","meta":{"colormag_page_container_layout":"default_layout","colormag_page_sidebar_layout":"default_layout","footnotes":""},"categories":[1],"tags":[],"class_list":["post-50992","post","type-post","status-publish","format-standard","hentry","category-sem-categoria"],"_links":{"self":[{"href":"https:\/\/euvivoaselecao.com.br\/index.php\/wp-json\/wp\/v2\/posts\/50992","targetHints":{"allow":["GET"]}}],"collection":[{"href":"https:\/\/euvivoaselecao.com.br\/index.php\/wp-json\/wp\/v2\/posts"}],"about":[{"href":"https:\/\/euvivoaselecao.com.br\/index.php\/wp-json\/wp\/v2\/types\/post"}],"author":[{"embeddable":true,"href":"https:\/\/euvivoaselecao.com.br\/index.php\/wp-json\/wp\/v2\/users\/1"}],"replies":[{"embeddable":true,"href":"https:\/\/euvivoaselecao.com.br\/index.php\/wp-json\/wp\/v2\/comments?post=50992"}],"version-history":[{"count":0,"href":"https:\/\/euvivoaselecao.com.br\/index.php\/wp-json\/wp\/v2\/posts\/50992\/revisions"}],"wp:attachment":[{"href":"https:\/\/euvivoaselecao.com.br\/index.php\/wp-json\/wp\/v2\/media?parent=50992"}],"wp:term":[{"taxonomy":"category","embeddable":true,"href":"https:\/\/euvivoaselecao.com.br\/index.php\/wp-json\/wp\/v2\/categories?post=50992"},{"taxonomy":"post_tag","embeddable":true,"href":"https:\/\/euvivoaselecao.com.br\/index.php\/wp-json\/wp\/v2\/tags?post=50992"}],"curies":[{"name":"wp","href":"https:\/\/api.w.org\/{rel}","templated":true}]}}