{"id":50994,"date":"2025-05-25T18:28:12","date_gmt":"2025-05-25T21:28:12","guid":{"rendered":"https:\/\/euvivoaselecao.com.br\/index.php\/2025\/05\/25\/primeira-mostra-de-sebastiao-salgado-apos-sua-morte-comeca-nesta-sexta\/"},"modified":"2025-05-25T18:28:12","modified_gmt":"2025-05-25T21:28:12","slug":"primeira-mostra-de-sebastiao-salgado-apos-sua-morte-comeca-nesta-sexta","status":"publish","type":"post","link":"https:\/\/euvivoaselecao.com.br\/index.php\/2025\/05\/25\/primeira-mostra-de-sebastiao-salgado-apos-sua-morte-comeca-nesta-sexta\/","title":{"rendered":"Primeira mostra de Sebasti\u00e3o Salgado ap\u00f3s sua morte come\u00e7a nesta sexta"},"content":{"rendered":"<p><\/p>\n<div wp_automatic_readability=\"47.620959843291\">\n<p>A Casa Firjan, em Botafogo, zona sul do Rio de Janeiro, inaugura na pr\u00f3xima sexta-feira (30) a exposi\u00e7\u00e3o <em>Trabalhadores<\/em>, de Sebasti\u00e3o Salgado.\u00a0<\/p>\n<p>A primeira exposi\u00e7\u00e3o de Sebasti\u00e3o Salgado no Brasil ap\u00f3s sua morte, na semana passada, foi um acaso. Em nota, a Casa Firjan admite surpresa e como\u00e7\u00e3o:\u00a0<\/p>\n<p><strong>Vale Tudo; Sumi\u00e7o de La\u00eds e coma de Cec\u00edlia mudam destino de Sarita<\/strong><\/p>\n<p><strong>Motociclista tem colis\u00e3o violenta com caminhonete no interior de Monda\u00ed<\/strong><\/p>\n<blockquote wp_automatic_readability=\"11\">\n<p>\u201cFomos surpreendidos e ficamos profundamente entristecidos com a not\u00edcia da morte de Sebasti\u00e3o Salgado. Originalmente, nosso objetivo era celebrar a genialidade de Salgado em vida, mas agora essa exposi\u00e7\u00e3o ganha um significado ainda mais profundo: uma homenagem a esse grande homem, profissional e ativista que deixou um legado incompar\u00e1vel para a arte e para a consci\u00eancia social.\u201d<\/p>\n<\/blockquote>\n<p>Para os organizadores, a exposi\u00e7\u00e3o instiga reflex\u00f5es sobre o futuro do trabalho. \u201cA exposi\u00e7\u00e3o provoca uma reflex\u00e3o profunda sobre o significado do trabalho para n\u00f3s na atualidade. Em um contexto de transforma\u00e7\u00f5es r\u00e1pidas, com o avan\u00e7o das novas tecnologias e a evolu\u00e7\u00e3o das formas de produ\u00e7\u00e3o, <em>Trabalhadores<\/em> nos estimula a revisitar o passado, a fim de compreender as mudan\u00e7as que est\u00e3o moldando o presente e o futuro\u201d<\/p>\n<p>A mostra segue at\u00e9 21 de setembro, com acervo de 149 fotografias, clicadas entre 1986 e 1992. A entrada \u00e9 gratuita, e a exposi\u00e7\u00e3o pode ser visitada de segunda a sexta-feira, das 9h \u00e0s 18h30.\u00a0<\/p>\n<p><strong>Rodrigo Bocardi lan\u00e7a novo projeto ap\u00f3s sa\u00edda da Globo<\/strong><\/p>\n<p><strong>Cinema\u00e7o exibe Hoje, Domingo (25\/05) na Globo; Predadores Assassinos; Sinopse e que horas come\u00e7a<\/strong><\/p>\n<p>A curadoria e o <em>design<\/em> da exposi\u00e7\u00e3o s\u00e3o de L\u00e9lia Wanick Salgado, vi\u00fava do fot\u00f3grafo.<\/p>\n<h2>Servi\u00e7o<\/h2>\n<p>Exposi\u00e7\u00e3o: <em>Trabalhadores \u2013 Fotografias de Sebasti\u00e3o Salgado<\/em><br \/>Per\u00edodo: de 30 de maio a 21 de setembro de 2025<br \/>Hor\u00e1rio: segunda-feira a sexta-feira das 9h \u00e0s 18h30<br \/>Local: Casa Firjan \u2013 Rua Guilhermina Guinle, 211,\u00a0 Botafogo, Rio de Janeiro<br \/>Entrada: Gratuita<\/p>\n<\/div>\n","protected":false},"excerpt":{"rendered":"<p>A Casa Firjan, em Botafogo, zona sul do Rio de Janeiro, inaugura na pr\u00f3xima sexta-feira (30) a exposi\u00e7\u00e3o Trabalhadores, de<\/p>\n","protected":false},"author":2,"featured_media":0,"comment_status":"","ping_status":"","sticky":false,"template":"","format":"standard","meta":{"colormag_page_container_layout":"default_layout","colormag_page_sidebar_layout":"default_layout","footnotes":""},"categories":[],"tags":[],"class_list":["post-50994","post","type-post","status-publish","format-standard","hentry"],"_links":{"self":[{"href":"https:\/\/euvivoaselecao.com.br\/index.php\/wp-json\/wp\/v2\/posts\/50994","targetHints":{"allow":["GET"]}}],"collection":[{"href":"https:\/\/euvivoaselecao.com.br\/index.php\/wp-json\/wp\/v2\/posts"}],"about":[{"href":"https:\/\/euvivoaselecao.com.br\/index.php\/wp-json\/wp\/v2\/types\/post"}],"author":[{"embeddable":true,"href":"https:\/\/euvivoaselecao.com.br\/index.php\/wp-json\/wp\/v2\/users\/2"}],"replies":[{"embeddable":true,"href":"https:\/\/euvivoaselecao.com.br\/index.php\/wp-json\/wp\/v2\/comments?post=50994"}],"version-history":[{"count":0,"href":"https:\/\/euvivoaselecao.com.br\/index.php\/wp-json\/wp\/v2\/posts\/50994\/revisions"}],"wp:attachment":[{"href":"https:\/\/euvivoaselecao.com.br\/index.php\/wp-json\/wp\/v2\/media?parent=50994"}],"wp:term":[{"taxonomy":"category","embeddable":true,"href":"https:\/\/euvivoaselecao.com.br\/index.php\/wp-json\/wp\/v2\/categories?post=50994"},{"taxonomy":"post_tag","embeddable":true,"href":"https:\/\/euvivoaselecao.com.br\/index.php\/wp-json\/wp\/v2\/tags?post=50994"}],"curies":[{"name":"wp","href":"https:\/\/api.w.org\/{rel}","templated":true}]}}