{"id":51108,"date":"2025-05-27T02:22:44","date_gmt":"2025-05-27T05:22:44","guid":{"rendered":"https:\/\/euvivoaselecao.com.br\/index.php\/2025\/05\/27\/agencia-minas-gerais-governo-de-minas-vai-a-el-salvador-para-intercambio-de-boas-praticas-da-seguranca-publica-2\/"},"modified":"2025-05-27T02:22:44","modified_gmt":"2025-05-27T05:22:44","slug":"agencia-minas-gerais-governo-de-minas-vai-a-el-salvador-para-intercambio-de-boas-praticas-da-seguranca-publica-2","status":"publish","type":"post","link":"https:\/\/euvivoaselecao.com.br\/index.php\/2025\/05\/27\/agencia-minas-gerais-governo-de-minas-vai-a-el-salvador-para-intercambio-de-boas-praticas-da-seguranca-publica-2\/","title":{"rendered":"Ag\u00eancia Minas Gerais | Governo de Minas vai a El Salvador para interc\u00e2mbio de boas pr\u00e1ticas da Seguran\u00e7a P\u00fablica"},"content":{"rendered":"<p><\/p>\n<div>\n<p>O governador Romeu Zema inicia, nesta ter\u00e7a-feira (27\/5), viagem por El Salvador, na Am\u00e9rica Central, com o objetivo de conhecer as estrat\u00e9gias de Seguran\u00e7a P\u00fablica implementadas neste pa\u00eds e avaliar as possibilidades de interc\u00e2mbio de conhecimento com Minas Gerais, considerado um dos estados mais seguros do Brasil.<\/p>\n<p>De 2022 at\u00e9 agora, El Salvador deixou de ser um dos pa\u00edses mais perigosos do mundo, com uma taxa de at\u00e9 150 homic\u00eddios para cada 100 mil habitantes, para se tornar um dos mais seguros, com \u00edndice estimado de um homic\u00eddio a cada 100 mil habitantes.<\/p>\n<p>Por d\u00e9cadas, apontado como a \u201ccapital global dos homic\u00eddios\u201d, o pa\u00eds viu o \u00edndice despencar e tem hoje o menor da Am\u00e9rica Latina, quase 20 vezes inferior ao do Brasil (estimado em 21,2 homic\u00eddios a cada 100 mil habitantes).<\/p>\n<p>Desmantelar as \u201cmaras\u201d, como as gangues locais s\u00e3o chamadas, foi considerado o maior feito do presidente Nayib Bukele.<\/p>\n<p>&#8220;Ningu\u00e9m aguenta mais a viol\u00eancia e a impunidade no Brasil. Estou indo a El Salvador para conhecer o que foi feito no maior caso de sucesso de controle da viol\u00eancia no mundo&#8221;, pontuou Romeu Zema.<\/p>\n<p>&#8220;Todo mundo sabe que o Brasil precisa de mudan\u00e7as e elas precisam come\u00e7ar pela seguran\u00e7a p\u00fablica, por isso esta miss\u00e3o \u00e9 t\u00e3o importante&#8221;, ponderou o\u00a0secret\u00e1rio de Justi\u00e7a e Seguran\u00e7a P\u00fablica (Sejusp), Rog\u00e9rio Greco, que acompanhar\u00e1 o governador nas agendas oficiais.<\/p>\n<p><strong>Programa\u00e7\u00e3o<\/strong><\/p>\n<p>A miss\u00e3o do Governo de Minas em El Salvador durar\u00e1 tr\u00eas dias. Ao longo da programa\u00e7\u00e3o, est\u00e3o previstos encontros com empres\u00e1rios, comerciantes e moradores de algumas das comunidades que mais sofriam com as atua\u00e7\u00f5es das gangues, al\u00e9m de reuni\u00f5es com membros dos poderes Legislativo e Executivo.<\/p>\n<p><strong>Minas Gerais<\/strong><\/p>\n<p>A viagem a El Salvador se soma a uma s\u00e9rie de investimentos que a atual administra\u00e7\u00e3o tem direcionado \u00e0s For\u00e7as de Seguran\u00e7a, possibilitando refor\u00e7o no quadro de pessoal, melhorias estruturais nas unidades, aquisi\u00e7\u00f5es de armamentos e equipamentos, inaugura\u00e7\u00e3o de novos postos policiais, al\u00e9m da cria\u00e7\u00e3o de programas inovadores de atendimento \u00e0 popula\u00e7\u00e3o e capacita\u00e7\u00f5es profissionais aos servidores.<\/p>\n<p>Desde 2019, houve aumento de 60% nos investimentos para a \u00e1rea. Um incremento que permitiu Minas Gerais chegar ao posto de vice-l\u00edder no ranking de estados com maior sensa\u00e7\u00e3o de seguran\u00e7a do Brasil em 2023, com 87% da popula\u00e7\u00e3o afirmando estar segura na regi\u00e3o onde mora.<\/p>\n<p>Entre alguns n\u00fameros da seguran\u00e7a p\u00fablica que colocam Minas em destaque \u00e9 poss\u00edvel citar a dr\u00e1stica redu\u00e7\u00e3o no registro de criminalidade violenta, que passou de 95.529 em 2018 para 32.322 no ano passado, conforme o Observat\u00f3rio\u00a0de\u00a0Seguran\u00e7a P\u00fablica, da Secretaria de Estado de Justi\u00e7a e Seguran\u00e7a P\u00fablica (Sejusp). No mesmo per\u00edodo, o registro de homic\u00eddios consumados em Minas Gerais caiu de 2.948 para 2.637.<\/p>\n<\/p><\/div>\n","protected":false},"excerpt":{"rendered":"<p>O governador Romeu Zema inicia, nesta ter\u00e7a-feira (27\/5), viagem por El Salvador, na Am\u00e9rica Central, com o objetivo de conhecer<\/p>\n","protected":false},"author":1,"featured_media":0,"comment_status":"","ping_status":"","sticky":false,"template":"","format":"standard","meta":{"colormag_page_container_layout":"default_layout","colormag_page_sidebar_layout":"default_layout","footnotes":""},"categories":[1],"tags":[],"class_list":["post-51108","post","type-post","status-publish","format-standard","hentry","category-sem-categoria"],"_links":{"self":[{"href":"https:\/\/euvivoaselecao.com.br\/index.php\/wp-json\/wp\/v2\/posts\/51108","targetHints":{"allow":["GET"]}}],"collection":[{"href":"https:\/\/euvivoaselecao.com.br\/index.php\/wp-json\/wp\/v2\/posts"}],"about":[{"href":"https:\/\/euvivoaselecao.com.br\/index.php\/wp-json\/wp\/v2\/types\/post"}],"author":[{"embeddable":true,"href":"https:\/\/euvivoaselecao.com.br\/index.php\/wp-json\/wp\/v2\/users\/1"}],"replies":[{"embeddable":true,"href":"https:\/\/euvivoaselecao.com.br\/index.php\/wp-json\/wp\/v2\/comments?post=51108"}],"version-history":[{"count":0,"href":"https:\/\/euvivoaselecao.com.br\/index.php\/wp-json\/wp\/v2\/posts\/51108\/revisions"}],"wp:attachment":[{"href":"https:\/\/euvivoaselecao.com.br\/index.php\/wp-json\/wp\/v2\/media?parent=51108"}],"wp:term":[{"taxonomy":"category","embeddable":true,"href":"https:\/\/euvivoaselecao.com.br\/index.php\/wp-json\/wp\/v2\/categories?post=51108"},{"taxonomy":"post_tag","embeddable":true,"href":"https:\/\/euvivoaselecao.com.br\/index.php\/wp-json\/wp\/v2\/tags?post=51108"}],"curies":[{"name":"wp","href":"https:\/\/api.w.org\/{rel}","templated":true}]}}