{"id":51116,"date":"2025-05-27T04:41:49","date_gmt":"2025-05-27T07:41:49","guid":{"rendered":"https:\/\/euvivoaselecao.com.br\/index.php\/2025\/05\/27\/cicero-lucena-destaca-que-escolas-municipais-preparam-alunos-para-programa-amanha-digital\/"},"modified":"2025-05-27T04:41:49","modified_gmt":"2025-05-27T07:41:49","slug":"cicero-lucena-destaca-que-escolas-municipais-preparam-alunos-para-programa-amanha-digital","status":"publish","type":"post","link":"https:\/\/euvivoaselecao.com.br\/index.php\/2025\/05\/27\/cicero-lucena-destaca-que-escolas-municipais-preparam-alunos-para-programa-amanha-digital\/","title":{"rendered":"C\u00edcero Lucena destaca que escolas municipais preparam alunos para programa \u2018Amanh\u00e3 Digital\u2019"},"content":{"rendered":"<p><\/p>\n<div>\n<p>Em Jo\u00e3o Pessoa, os alunos das escolas municipais utilizam sala Google, espa\u00e7o Maker, materiais Lego, aprendem rob\u00f3tica e ainda contam com projetos como o Codificar para Desenvolver (Code), que \u00e9 de programa\u00e7\u00e3o digital. O uso dessa tecnologia, segundo o prefeito C\u00edcero Lucena, forma uma base para os estudantes ingressarem no ensino m\u00e9dio mais preparados \u2013 nas escolas estaduais eles ir\u00e3o acessar inova\u00e7\u00f5es como o programa \u2018Amanh\u00e3 Digital\u2019, lan\u00e7ado nesta segunda-feira (26), pelo governador Jo\u00e3o Azev\u00eado.<\/p>\n<figure class=\"wp-block-gallery has-nested-images columns-default is-cropped wp-block-gallery-1 is-layout-flex wp-block-gallery-is-layout-flex\">\n<figure class=\"wp-block-image size-large\"><\/figure>\n<figure class=\"wp-block-image size-large\"><\/figure>\n<figure class=\"wp-block-image size-large\"><\/figure>\n<figure class=\"wp-block-image size-large\"><\/figure>\n<figure class=\"wp-block-image size-large\"><\/figure>\n<\/figure>\n<p>A solenidade aconteceu na Escola T\u00e9cnica Pastor Jo\u00e3o Pereira Gomes Filho, em Mangabeira. \u201cEsse avan\u00e7o que o Estado est\u00e1 promovendo ser\u00e1 fundamental para acolher os alunos dos munic\u00edpios, que chegar\u00e3o cada vez mais preparados, informados e tecnologicamente capacitados. O Estado, ent\u00e3o, dar\u00e1 continuidade ao trabalho que j\u00e1 vem sendo feito nas bases municipais\u201d, destacou C\u00edcero Lucena.<\/p>\n<p>O programa Amanh\u00e3 Digital promete transformar a experi\u00eancia educacional dos estudantes da rede p\u00fablica estadual a partir da integra\u00e7\u00e3o de novas tecnologias e metodologias inovadoras. Funciona como um guarda-chuva de a\u00e7\u00f5es tecnol\u00f3gicas que ser\u00e3o implementadas gradualmente em toda a rede estadual. Entre os destaques est\u00e3o as Salas Escolas do Amanh\u00e3, que chegar\u00e3o a 100 escolas em todas as regi\u00f5es da Para\u00edba.<\/p>\n<p>Esses espa\u00e7os ser\u00e3o equipados com Chromebooks, \u00f3culos de realidade virtual e laborat\u00f3rios de rob\u00f3tica, permitindo que os estudantes tenham contato direto com as tecnologias do futuro. Outra frente de atua\u00e7\u00e3o do programa s\u00e3o as Salas do Amanh\u00e3 Digital Maker, inicialmente presentes em 20 escolas.<\/p>\n<p>Nessas unidades, os alunos ser\u00e3o incentivados a aprender de forma pr\u00e1tica e colaborativa, utilizando impressoras 3D, m\u00e1quinas de corte a laser, telas interativas de 75 polegadas, al\u00e9m de kits de ferramentas eletr\u00f4nicas, manuais e de solda. O objetivo \u00e9 estimular a criatividade, a resolu\u00e7\u00e3o de problemas e a inova\u00e7\u00e3o dentro do ambiente escolar.<\/p>\n<figure class=\"wp-block-gallery has-nested-images columns-default is-cropped wp-block-gallery-2 is-layout-flex wp-block-gallery-is-layout-flex\">\n<figure class=\"wp-block-image size-large\"><\/figure>\n<figure class=\"wp-block-image size-large\"><\/figure>\n<figure class=\"wp-block-image size-large\"><\/figure>\n<figure class=\"wp-block-image size-large\"><\/figure>\n<figure class=\"wp-block-image size-large\"><\/figure>\n<figure class=\"wp-block-image size-large\"><\/figure>\n<figure class=\"wp-block-image size-large\"><\/figure>\n<figure class=\"wp-block-image size-large\"><\/figure>\n<\/figure>\n<p>\u201cEm projetos dessa dimens\u00e3o, especialmente como este que estamos implementando, \u00e9 fundamental, primeiro, contar com a experi\u00eancia adquirida nas cem escolas j\u00e1 atendidas. Com base nessa viv\u00eancia, faremos os ajustes necess\u00e1rios para, ent\u00e3o, continuar a expans\u00e3o para todas as demais escolas. Nosso objetivo \u00e9 oferecer essa estrutura no menor tempo poss\u00edvel, mas de forma respons\u00e1vel\u201d, afirmou o governador Jo\u00e3o Azev\u00eado.<\/p>\n<p>O secret\u00e1rio de Educa\u00e7\u00e3o do Estado, Wilson Filho, aproveitou a oportunidade para anunciar os novos laborat\u00f3rios \u2014 inclusive, um deles na Escola T\u00e9cnica de Mangabeira, e tamb\u00e9m os \u00f3culos de realidade virtual. \u201cImagine um professor de Hist\u00f3ria mostrando ao aluno como foi a Segunda Guerra Mundial, a Roma Antiga, o Egito, ou ent\u00e3o um professor de Biologia ensinando sobre o corpo humano de forma imersiva?. \u00c9 muita inova\u00e7\u00e3o\u201d, celebrou.<\/p>\n<\/p><\/div>\n","protected":false},"excerpt":{"rendered":"<p>Em Jo\u00e3o Pessoa, os alunos das escolas municipais utilizam sala Google, espa\u00e7o Maker, materiais Lego, aprendem rob\u00f3tica e ainda contam<\/p>\n","protected":false},"author":1,"featured_media":0,"comment_status":"","ping_status":"","sticky":false,"template":"","format":"standard","meta":{"colormag_page_container_layout":"default_layout","colormag_page_sidebar_layout":"default_layout","footnotes":""},"categories":[1],"tags":[],"class_list":["post-51116","post","type-post","status-publish","format-standard","hentry","category-sem-categoria"],"_links":{"self":[{"href":"https:\/\/euvivoaselecao.com.br\/index.php\/wp-json\/wp\/v2\/posts\/51116","targetHints":{"allow":["GET"]}}],"collection":[{"href":"https:\/\/euvivoaselecao.com.br\/index.php\/wp-json\/wp\/v2\/posts"}],"about":[{"href":"https:\/\/euvivoaselecao.com.br\/index.php\/wp-json\/wp\/v2\/types\/post"}],"author":[{"embeddable":true,"href":"https:\/\/euvivoaselecao.com.br\/index.php\/wp-json\/wp\/v2\/users\/1"}],"replies":[{"embeddable":true,"href":"https:\/\/euvivoaselecao.com.br\/index.php\/wp-json\/wp\/v2\/comments?post=51116"}],"version-history":[{"count":0,"href":"https:\/\/euvivoaselecao.com.br\/index.php\/wp-json\/wp\/v2\/posts\/51116\/revisions"}],"wp:attachment":[{"href":"https:\/\/euvivoaselecao.com.br\/index.php\/wp-json\/wp\/v2\/media?parent=51116"}],"wp:term":[{"taxonomy":"category","embeddable":true,"href":"https:\/\/euvivoaselecao.com.br\/index.php\/wp-json\/wp\/v2\/categories?post=51116"},{"taxonomy":"post_tag","embeddable":true,"href":"https:\/\/euvivoaselecao.com.br\/index.php\/wp-json\/wp\/v2\/tags?post=51116"}],"curies":[{"name":"wp","href":"https:\/\/api.w.org\/{rel}","templated":true}]}}