{"id":51133,"date":"2025-05-27T09:29:35","date_gmt":"2025-05-27T12:29:35","guid":{"rendered":"https:\/\/euvivoaselecao.com.br\/index.php\/2025\/05\/27\/agencia-minas-gerais-governo-de-minas-impulsiona-empreendedorismo-e-geracao-de-renda-em-comunidades-do-estado\/"},"modified":"2025-05-27T09:29:35","modified_gmt":"2025-05-27T12:29:35","slug":"agencia-minas-gerais-governo-de-minas-impulsiona-empreendedorismo-e-geracao-de-renda-em-comunidades-do-estado","status":"publish","type":"post","link":"https:\/\/euvivoaselecao.com.br\/index.php\/2025\/05\/27\/agencia-minas-gerais-governo-de-minas-impulsiona-empreendedorismo-e-geracao-de-renda-em-comunidades-do-estado\/","title":{"rendered":"Ag\u00eancia Minas Gerais | Governo de Minas impulsiona empreendedorismo e gera\u00e7\u00e3o de renda em comunidades do estado"},"content":{"rendered":"<p><\/p>\n<div>\n<section class=\"news-related \/ col-md-4 col-lg-3 \/ margin-md-bottom-2 margin-left-1 \/ pull-right \/ hidden-xs hidden-sm\">\n<header>\n<p class=\"text-title-section \/ margin-bottom-1\">Relacionadas<\/p>\n<\/header>\n<p>\t\t\t\t\t\t\t<main><\/p>\n<hr class=\"row margin-md-bottom-2\"\/>\n\t\t\t\t\t\t\t<\/main><br \/>\n\t\t\t\t\t\t<\/section>\n<p>\u00a0\u201cNa comunidade, nem sempre tem essas oportunidades, ent\u00e3o, eu fiquei muito feliz. Estou gostando demais do curso e agora eu posso valorizar mais o meu trabalho\u201d, conta animada Luiza Campos, moradora do Aglomerado da Serra, em Belo Horizonte, e aluna do curso de tran\u00e7as promovido pelo programa Comunidade Empreendedora, do Governo de Minas. A iniciativa inovadora, desenvolvida pela Secretaria de Estado de Desenvolvimento Social (Sedese), fortalece o empreendedorismo local com cursos gratuitos de qualifica\u00e7\u00e3o profissional.<\/p>\n<p>Em parceria com o Servi\u00e7o Brasileiro de Apoio \u00e0s Micro e Pequenas Empresas (Sebrae-MG), o\u00a0programa vai chegar a 20 vilas e favelas de seis munic\u00edpios, de diversas regi\u00f5es do estado. At\u00e9 2026, ser\u00e3o 57 cursos ofertados, com carga hor\u00e1ria de 60, 80 ou 100 horas e\u00a0voltados principalmente para empreendedores j\u00e1 mapeados pelo Sebrae-MG, atendendo as necessidades de cada comunidade.<\/p>\n<p>O governador Romeu Zema destaca o potencial do programa para gerar impacto real na vida das pessoas.<\/p>\n<p>&#8220;Acreditamos que o empreendedorismo \u00e9 um motor de desenvolvimento social e econ\u00f4mico em Minas. O Comunidade Empreendedora leva oportunidades concretas para quem mais precisa, impulsionando a autonomia e a melhoria da qualidade de vida para as pessoas&#8221;, afirma o governador.<\/p>\n<p>Com um investimento de R$ 1,45 milh\u00e3o, a expectativa \u00e9 alcan\u00e7ar cerca de 15 mil pessoas durante a etapa de mapeamento,\u00a0onde espera-se identificar 100% dos empreendedores formais e informais, bem como as necessidades de aprendizado em cada neg\u00f3cio.\u00a0A partir da\u00ed, ser\u00e3o ofertadas 1.140 vagas em cursos de capacita\u00e7\u00e3o em \u00e1reas como servi\u00e7os, beleza e alimenta\u00e7\u00e3o, impulsionando o desenvolvimento econ\u00f4mico e social nas comunidades contempladas.<\/p>\n<p>A secret\u00e1ria de Estado de Desenvolvimento Social (Sedese), Al\u00ea Portela, ressalta que o foco do programa \u00e9 a inclus\u00e3o por meio da renda. &#8220;Nosso objetivo \u00e9 construir um futuro mais promissor para os moradores das favelas, um lugar de muita pot\u00eancia para o desenvolvimento de neg\u00f3cios e oportunidades&#8221;, explica a secret\u00e1ria.<\/p>\n<p><b>Oportunidade para transformar vidas<\/b><\/p>\n<figure class=\"image\" style=\"float:right\">&#13;<figcaption><em><sup>Jairo Gon\u00e7alves \/ Cr\u00e9dito: Ricardo Moreira\/Sedese- MG<\/sup><\/em><\/figcaption>&#13;<br \/>\n<\/figure>\n<p>Em Belo Horizonte, o curso de tran\u00e7as tamb\u00e9m transformou a vida de Jairo Gon\u00e7alves. O morador cresceu no Aglomerado da Serra e viu no curso uma oportunidade de ganhar mais experi\u00eancia. \u201cQuando eu vi o curso, n\u00e3o pensei duas vezes. Eu falei que iria fazer, porque era um sonho. Eu tenho um sal\u00e3o e abracei essa oportunidade de realizar esse curso\u201d, conta o aluno.<\/p>\n<p>Na comunidade, as atividades de forma\u00e7\u00e3o s\u00e3o realizadas pela empresa Foco Solu\u00e7\u00f5es, com apoio do projeto Itamar. Representante da empresa, Elimara Ribeiro compartilha o entusiasmo com os resultados. &#8220;O meu sentimento \u00e9 de realiza\u00e7\u00e3o muito grande, de um trabalho bem-feito e de um acolhimento por parte das alunas. \u00c9 transformador, porque elas chegaram aqui com muito medo e a\u00ed a gente agregou. \u00c9 outra vida, outras oportunidades, e eu tenho certeza de que, a partir daqui, elas v\u00e3o querer mais e mais sem medo&#8221;, destaca.<\/p>\n<p>Neila Regiane, moradora do Aglomerado da Serra e benefici\u00e1ria do programa, relata como a iniciativa impactou sua vida.<\/p>\n<p>&#8220;O curso dentro da favela faz toda diferen\u00e7a na vida das mulheres, que muitas vezes s\u00e3o m\u00e3es solo e precisam trabalhar e cuidar da fam\u00edlia ao mesmo tempo, ent\u00e3o o empreendedorismo acaba se tornando nossa \u00fanica solu\u00e7\u00e3o de sobreviv\u00eancia. Comigo n\u00e3o \u00e9 muito diferente. Est\u00e1 me ajudando a desenvolver novas habilidades para gera\u00e7\u00e3o de renda na minha casa. J\u00e1 tenho cinco clientes e n\u00e3o quero parar&#8221;, comemora.<\/p>\n<p>Ap\u00f3s terminar o curso de Unhas em Gel, Neila j\u00e1 iniciou uma nova forma\u00e7\u00e3o. &#8220;Atualmente estou fazendo o curso de tran\u00e7as para agregar mais ainda no atendimento aos meus clientes. E que venham mais cursos na \u00e1rea da beleza para nos capacitar ainda mais&#8221;, completa a empreendedora.<\/p>\n<p>Al\u00e9m do Aglomerado da Serra, o programa tamb\u00e9m atende outras comunidades de Belo Horizonte, Betim e Ribeir\u00e3o das Neves, na regi\u00e3o metropolitana; de Divin\u00f3polis, no Oeste de Minas; de Montes Claros, no Norte do estado; e de Uberl\u00e2ndia, no Tri\u00e2ngulo Mineiro\/Alto Parana\u00edba.<\/p>\n<p style=\"text-align:center\">\n<p>\u00a0<\/p>\n<\/p><\/div>\n","protected":false},"excerpt":{"rendered":"<p>Relacionadas \u00a0\u201cNa comunidade, nem sempre tem essas oportunidades, ent\u00e3o, eu fiquei muito feliz. Estou gostando demais do curso e agora<\/p>\n","protected":false},"author":1,"featured_media":0,"comment_status":"","ping_status":"","sticky":false,"template":"","format":"standard","meta":{"colormag_page_container_layout":"default_layout","colormag_page_sidebar_layout":"default_layout","footnotes":""},"categories":[1],"tags":[],"class_list":["post-51133","post","type-post","status-publish","format-standard","hentry","category-sem-categoria"],"_links":{"self":[{"href":"https:\/\/euvivoaselecao.com.br\/index.php\/wp-json\/wp\/v2\/posts\/51133","targetHints":{"allow":["GET"]}}],"collection":[{"href":"https:\/\/euvivoaselecao.com.br\/index.php\/wp-json\/wp\/v2\/posts"}],"about":[{"href":"https:\/\/euvivoaselecao.com.br\/index.php\/wp-json\/wp\/v2\/types\/post"}],"author":[{"embeddable":true,"href":"https:\/\/euvivoaselecao.com.br\/index.php\/wp-json\/wp\/v2\/users\/1"}],"replies":[{"embeddable":true,"href":"https:\/\/euvivoaselecao.com.br\/index.php\/wp-json\/wp\/v2\/comments?post=51133"}],"version-history":[{"count":0,"href":"https:\/\/euvivoaselecao.com.br\/index.php\/wp-json\/wp\/v2\/posts\/51133\/revisions"}],"wp:attachment":[{"href":"https:\/\/euvivoaselecao.com.br\/index.php\/wp-json\/wp\/v2\/media?parent=51133"}],"wp:term":[{"taxonomy":"category","embeddable":true,"href":"https:\/\/euvivoaselecao.com.br\/index.php\/wp-json\/wp\/v2\/categories?post=51133"},{"taxonomy":"post_tag","embeddable":true,"href":"https:\/\/euvivoaselecao.com.br\/index.php\/wp-json\/wp\/v2\/tags?post=51133"}],"curies":[{"name":"wp","href":"https:\/\/api.w.org\/{rel}","templated":true}]}}