{"id":51180,"date":"2025-05-27T18:12:06","date_gmt":"2025-05-27T21:12:06","guid":{"rendered":"https:\/\/euvivoaselecao.com.br\/index.php\/2025\/05\/27\/agencia-minas-gerais-secretaria-de-planejamento-apresenta-acoes-realizadas-por-meio-do-acordo-de-reparacao-em-visita-de-estudantes-a-brumadinho\/"},"modified":"2025-05-27T18:12:06","modified_gmt":"2025-05-27T21:12:06","slug":"agencia-minas-gerais-secretaria-de-planejamento-apresenta-acoes-realizadas-por-meio-do-acordo-de-reparacao-em-visita-de-estudantes-a-brumadinho","status":"publish","type":"post","link":"https:\/\/euvivoaselecao.com.br\/index.php\/2025\/05\/27\/agencia-minas-gerais-secretaria-de-planejamento-apresenta-acoes-realizadas-por-meio-do-acordo-de-reparacao-em-visita-de-estudantes-a-brumadinho\/","title":{"rendered":"Ag\u00eancia Minas Gerais | Secretaria de Planejamento apresenta a\u00e7\u00f5es realizadas por meio do Acordo de Repara\u00e7\u00e3o em visita de estudantes a Brumadinho"},"content":{"rendered":"<p><\/p>\n<div>\n<p>A Secretaria de Estado de Planejamento e Gest\u00e3o (Seplag-MG) acompanhou, nesta ter\u00e7a-feira (27\/5), a visita t\u00e9cnica de estudantes de doutorado da Funda\u00e7\u00e3o Dom Cabral (FDC) ao munic\u00edpio de Brumadinho. A atividade teve como objetivo apresentar o andamento das a\u00e7\u00f5es previstas no Acordo de Repara\u00e7\u00e3o decorrente do rompimento da barragem da Vale, em 2019.<\/p>\n<p>Durante a visita, a\u00a0Seplag-MG destacou as a\u00e7\u00f5es de repara\u00e7\u00e3o com foco nos aspectos sociais, ambientais e institucionais envolvidos no processo. O objetivo foi refor\u00e7ar o compromisso do Governo de Minas com a transpar\u00eancia e com a escuta ativa \u00e0 sociedade civil.<\/p>\n<p>\u201cA visita da Funda\u00e7\u00e3o Dom Cabral demonstra o interesse da sociedade em compreender a complexidade do processo de repara\u00e7\u00e3o. A\u00a0Seplag-MG atua para garantir que os recursos sejam aplicados com responsabilidade e impacto real na vida da popula\u00e7\u00e3o atingida\u201d, destacou a subsecret\u00e1ria de Gest\u00e3o Estrat\u00e9gica e Repara\u00e7\u00e3o da\u00a0Seplag-MG, Gabriela Brand\u00e3o.<\/p>\n<p>A\u00a0Seplag-MG desempenha papel estrat\u00e9gico no monitoramento da execu\u00e7\u00e3o dos projetos pactuados no acordo e na articula\u00e7\u00e3o entre os diversos \u00f3rg\u00e3os respons\u00e1veis pela repara\u00e7\u00e3o. Na ocasi\u00e3o, os representantes da Secretaria dialogaram com os estudantes e explicaram o funcionamento do arranjo institucional que sustenta o acordo.<\/p>\n<p>O acordo foi assinado em fevereiro de 2021 entre o Governo de Minas Gerais, o Minist\u00e9rio P\u00fablico Federal, o Minist\u00e9rio P\u00fablico de Minas Gerais, a Defensoria P\u00fablica de Minas Gerais e a Vale, buscando promover a repara\u00e7\u00e3o integral dos danos provocados pelo rompimento da barragem da Mina C\u00f3rrego do Feij\u00e3o.<\/p>\n<p><b>Programa\u00e7\u00e3o<\/b><\/p>\n<p>A visita foi organizada pelo Minist\u00e9rio P\u00fablico de Minas Gerais (MPMG) e pela Seplag-MG e come\u00e7ou no memorial dedicado \u00e0s 272 pessoas que perderam a vida no rompimento. No local, os estudantes acompanharam uma apresenta\u00e7\u00e3o da\u00a0Aecom, empresa respons\u00e1vel pela auditoria t\u00e9cnico-independente do processo de repara\u00e7\u00e3o socioambiental, e participaram de uma roda de conversa com representantes da Associa\u00e7\u00e3o dos Familiares de V\u00edtimas (Avabrum).<\/p>\n<p>Em seguida, foram realizadas reuni\u00f5es na Prefeitura de Brumadinho, abordando os impactos diretos das a\u00e7\u00f5es de repara\u00e7\u00e3o no territ\u00f3rio, os desafios de implementa\u00e7\u00e3o dos projetos e o papel da\u00a0Seplag-MG na governan\u00e7a e na fiscaliza\u00e7\u00e3o das iniciativas.<\/p>\n<p>\u201cNosso objetivo com essa visita \u00e9 proporcionar uma experi\u00eancia sensorial para que os estudantes possam testemunhar a trag\u00e9dia e, em \u00faltima an\u00e1lise, compreender a complexidade dos problemas p\u00fablicos e como enfrent\u00e1-los. Eles recebem aportes te\u00f3ricos e conceituais que fortalecem suas reflex\u00f5es, mas o impacto gerado ao visitar Brumadinho \u00e9 insubstitu\u00edvel\u201d, afirmou o professor da Funda\u00e7\u00e3o Dom Cabral, Humberto Falc\u00e3o Martins.<\/p>\n<p>A presidente da\u00a0Avabrum, Nayara Porto, tamb\u00e9m destacou o car\u00e1ter pedag\u00f3gico do Memorial e a necessidade de manter viva a mem\u00f3ria das v\u00edtimas. \u201cQueremos que todos, desde alunos do ensino fundamental at\u00e9 estudantes de p\u00f3s-gradua\u00e7\u00e3o, passem por aqui e saiam com o sentimento de que precisam ser profissionais respons\u00e1veis para que trag\u00e9dias como essa nunca mais se repitam\u201d, ressaltou.<\/p>\n<p aria-hidden=\"true\">\u00a0<\/p>\n<\/p><\/div>\n","protected":false},"excerpt":{"rendered":"<p>A Secretaria de Estado de Planejamento e Gest\u00e3o (Seplag-MG) acompanhou, nesta ter\u00e7a-feira (27\/5), a visita t\u00e9cnica de estudantes de doutorado<\/p>\n","protected":false},"author":1,"featured_media":0,"comment_status":"","ping_status":"","sticky":false,"template":"","format":"standard","meta":{"colormag_page_container_layout":"default_layout","colormag_page_sidebar_layout":"default_layout","footnotes":""},"categories":[1],"tags":[],"class_list":["post-51180","post","type-post","status-publish","format-standard","hentry","category-sem-categoria"],"_links":{"self":[{"href":"https:\/\/euvivoaselecao.com.br\/index.php\/wp-json\/wp\/v2\/posts\/51180","targetHints":{"allow":["GET"]}}],"collection":[{"href":"https:\/\/euvivoaselecao.com.br\/index.php\/wp-json\/wp\/v2\/posts"}],"about":[{"href":"https:\/\/euvivoaselecao.com.br\/index.php\/wp-json\/wp\/v2\/types\/post"}],"author":[{"embeddable":true,"href":"https:\/\/euvivoaselecao.com.br\/index.php\/wp-json\/wp\/v2\/users\/1"}],"replies":[{"embeddable":true,"href":"https:\/\/euvivoaselecao.com.br\/index.php\/wp-json\/wp\/v2\/comments?post=51180"}],"version-history":[{"count":0,"href":"https:\/\/euvivoaselecao.com.br\/index.php\/wp-json\/wp\/v2\/posts\/51180\/revisions"}],"wp:attachment":[{"href":"https:\/\/euvivoaselecao.com.br\/index.php\/wp-json\/wp\/v2\/media?parent=51180"}],"wp:term":[{"taxonomy":"category","embeddable":true,"href":"https:\/\/euvivoaselecao.com.br\/index.php\/wp-json\/wp\/v2\/categories?post=51180"},{"taxonomy":"post_tag","embeddable":true,"href":"https:\/\/euvivoaselecao.com.br\/index.php\/wp-json\/wp\/v2\/tags?post=51180"}],"curies":[{"name":"wp","href":"https:\/\/api.w.org\/{rel}","templated":true}]}}